{"id":3479,"date":"2020-07-10T21:10:17","date_gmt":"2020-07-10T21:10:17","guid":{"rendered":"https:\/\/mauco.org\/?p=3479"},"modified":"2020-07-10T21:10:20","modified_gmt":"2020-07-10T21:10:20","slug":"epidemiologa-advierte-el-covid-no-va-a-desaparecer-vamos-a-tener-que-convivir-con-el","status":"publish","type":"post","link":"https:\/\/mauco.org\/?p=3479","title":{"rendered":"Epidemi\u00f3loga advierte: \u00abEl Covid no va a desaparecer; vamos a tener que convivir con \u00e9l\u00bb"},"content":{"rendered":"\n<p><\/p>\n\n\n\n<p><\/p>\n\n\n\n<p><strong>Secci\u00f3n prensa<\/strong><\/p>\n\n\n\n<p>La&nbsp;experta de la Sociedad Chilena de Epidemiolog\u00eda&nbsp;y asesora del&nbsp;Panel de Expertos Covid-19,&nbsp;Catterina Ferreccio, convers\u00f3 con&nbsp;Cooperativa&nbsp;y se refiri\u00f3 al plan de desconfinamiento iniciado por el Gobierno en las regiones de Los R\u00edos y Ays\u00e9n.&nbsp;<\/p>\n\n\n\n<p>\u00abLa infecci\u00f3n (en Los R\u00edos y Ays\u00e9n) claramente est\u00e1 controlada. No hay una transmisi\u00f3n alta a nivel comunitario y que la tienen controlada, o sea,&nbsp;que si hay un caso ellos pueden ir, hacer contacto y el aislamiento de \u00e9l y sus contactos\u00bb, sostuvo la experta.<\/p>\n\n\n\n<p>Sin embargo, frente al futuro de esta enfermedad Ferreccio aclar\u00f3 que \u00abno se trata de que el Covid va a desaparecer; m\u00e1s bien&nbsp;vamos a tener que convivir con \u00e9l. Las vacunas est\u00e1n desarroll\u00e1ndose,&nbsp;pero no van a llegar antes de un a\u00f1o a Chile\u00bb.<\/p>\n\n\n\n<p>\u00abLo importante es que la transmisi\u00f3n la podamos identificar precozmente y controlar. En Santiago la transmisi\u00f3n si bien ha bajado enormemente,&nbsp;todav\u00eda no sabemos por d\u00f3nde est\u00e1. Surgen de los casos y nos pillan siempre de sorpresa; surgen de la nada\u00bb, sostuvo la epidemi\u00f3loga.<\/p>\n\n\n\n<p>Respecto a la red hospitalaria, la experta se\u00f1al\u00f3 que a pesar de que \u00abest\u00e1 comenzando a haber un poco m\u00e1s de espacio en la red hospitalaria y&nbsp;est\u00e1n llegando menos casos tanto a las urgencias como a las UCI&nbsp;(&#8230;)&nbsp;pienso que la red todav\u00eda est\u00e1 ocupada por Covid m\u00e1s all\u00e1 de lo deseable\u00bb.<\/p>\n\n\n\n<p>Asimismo, Ferreccio se\u00f1al\u00f3 que el&nbsp;80 por ciento de trazabilidad&nbsp;anunciado por la subsecretaria de Salud,&nbsp;Paula Daza, le parece \u00abpoco cre\u00edble\u00bb.<\/p>\n\n\n\n<p>Ver Nota completa en <a href=\"https:\/\/www.cooperativa.cl\/noticias\/sociedad\/salud\/coronavirus\/epidemiologa-advierte-el-covid-no-va-a-desaparecer-vamos-a-tener-que\/2020-07-09\/081707.html\">https:\/\/www.cooperativa.cl\/noticias\/sociedad\/salud\/coronavirus\/epidemiologa-advierte-el-covid-no-va-a-desaparecer-vamos-a-tener-que\/2020-07-09\/081707.html<\/a><\/p>\n","protected":false},"excerpt":{"rendered":"<p>Secci\u00f3n prensa La&nbsp;experta de la Sociedad Chilena de Epidemiolog\u00eda&nbsp;y asesora del&nbsp;Panel de Expertos Covid-19,&nbsp;Catterina Ferreccio, convers\u00f3 con&nbsp;Cooperativa&nbsp;y se refiri\u00f3 al plan de desconfinamiento iniciado por el<span class=\"excerpt-hellip\"> [\u2026]<\/span><\/p>\n","protected":false},"author":1,"featured_media":3480,"comment_status":"open","ping_status":"open","sticky":false,"template":"","format":"standard","meta":{"footnotes":""},"categories":[11,2,8],"tags":[],"class_list":["post-3479","post","type-post","status-publish","format-standard","has-post-thumbnail","hentry","category-eventos","category-news","category-noticias"],"_links":{"self":[{"href":"https:\/\/mauco.org\/index.php?rest_route=\/wp\/v2\/posts\/3479","targetHints":{"allow":["GET"]}}],"collection":[{"href":"https:\/\/mauco.org\/index.php?rest_route=\/wp\/v2\/posts"}],"about":[{"href":"https:\/\/mauco.org\/index.php?rest_route=\/wp\/v2\/types\/post"}],"author":[{"embeddable":true,"href":"https:\/\/mauco.org\/index.php?rest_route=\/wp\/v2\/users\/1"}],"replies":[{"embeddable":true,"href":"https:\/\/mauco.org\/index.php?rest_route=%2Fwp%2Fv2%2Fcomments&post=3479"}],"version-history":[{"count":1,"href":"https:\/\/mauco.org\/index.php?rest_route=\/wp\/v2\/posts\/3479\/revisions"}],"predecessor-version":[{"id":3481,"href":"https:\/\/mauco.org\/index.php?rest_route=\/wp\/v2\/posts\/3479\/revisions\/3481"}],"wp:featuredmedia":[{"embeddable":true,"href":"https:\/\/mauco.org\/index.php?rest_route=\/wp\/v2\/media\/3480"}],"wp:attachment":[{"href":"https:\/\/mauco.org\/index.php?rest_route=%2Fwp%2Fv2%2Fmedia&parent=3479"}],"wp:term":[{"taxonomy":"category","embeddable":true,"href":"https:\/\/mauco.org\/index.php?rest_route=%2Fwp%2Fv2%2Fcategories&post=3479"},{"taxonomy":"post_tag","embeddable":true,"href":"https:\/\/mauco.org\/index.php?rest_route=%2Fwp%2Fv2%2Ftags&post=3479"}],"curies":[{"name":"wp","href":"https:\/\/api.w.org\/{rel}","templated":true}]}}