{"id":3489,"date":"2020-08-12T19:09:02","date_gmt":"2020-08-12T19:09:02","guid":{"rendered":"https:\/\/mauco.org\/?p=3489"},"modified":"2020-08-12T19:16:54","modified_gmt":"2020-08-12T19:16:54","slug":"mauco-la-primera-cohorte-poblacional-de-chile-incorporara-la-vigilancia-y-estudio-de-covid19-en-chile","status":"publish","type":"post","link":"https:\/\/mauco.org\/?p=3489","title":{"rendered":"MAUCO, la primera cohorte poblacional de chile, incorporar\u00e1 la vigilancia y estudio de COVID19 en Chile"},"content":{"rendered":"\n<p><\/p>\n\n\n\n<p><strong>Catterina Ferreccio, epidemi\u00f3loga y directora del proyecto de la cohorte poblacional del Maule MAUCO -del Centro Avanzado de Enfermedades Cr\u00f3nicas ACCDIS-, junto a su equipo de investigaci\u00f3n de la Pontificia Universidad Cat\u00f3lica de Chile, Universidad de Chile y Universidad Cat\u00f3lica del Maule, incorporar\u00e1n en su estudio poblacional, iniciado en el 2014, &nbsp;la vigilancia de la epidemia de COVID-19. La propuesta fue adjudicada entre las 63 iniciativas financiadas por la Agencia Nacional de Investigaci\u00f3n y Desarrollo (ANID) para la ejecuci\u00f3n de investigaciones sobre COVID-19. &nbsp;<\/strong><\/p>\n\n\n\n<p>La propuesta, llamada Centro Centinela COVID-19, es el nombre del estudio financiado por el Ministerio de Ciencia, Tecnolog\u00eda, Conocimiento e Investigaci\u00f3n, a trav\u00e9s de ANID. Esta iniciativa se suma al proyecto MAUCO, que desde hace 6 a\u00f1os investiga los factores que influyen o previenen el desarrollo de enfermedades cr\u00f3nicas en la comunidad de Molina y en la Regi\u00f3n.<\/p>\n\n\n\n<p>\u201cAprovecharemos la infraestructura de investigaci\u00f3n que ya tenemos, en la que hemos seguido a 9500 participantes en edades entre 38 y 74 a\u00f1os de edad, y a quienes peri\u00f3dicamente les realizamos ex\u00e1menes de salud y diversas evaluaciones de tipo psicosocial, cognitiva, ambiental, gen\u00e9tica, microbioma, uso de agroqu\u00edmicos y resistencia antibi\u00f3tica y en donde, adem\u00e1s contamos con un biobanco para almacenamiento de muestras biol\u00f3gicas. Sobre esta infraestructura incorporaremos la vigilancia de COVID-19 y otras enfermedades infecciosas\u201d explic\u00f3 Andrea Huidobro, Epidemi\u00f3loga Responsable Local del estudio MAUCO y acad\u00e9mica de la Universidad Cat\u00f3lica del Maule, quien tambi\u00e9n agreg\u00f3, que en este primer a\u00f1o se implementar\u00e1 el Centro Centinela COVID-19 para detectar precozmente el ingreso del nuevo agente infeccioso en la poblaci\u00f3n y caracterizar el virus, la dupla virus-hu\u00e9sped y los factores que determinan la evoluci\u00f3n del cuadro cl\u00ednico. \u201cLa idea es que los protocolos de estudio y seguimiento de la epidemia, queden en la regi\u00f3n para la detecci\u00f3n, estudio y control de futuros brotes\u201d se\u00f1al\u00f3.<\/p>\n\n\n\n<p>El proyecto Centro Centinela COVID-19, cuenta con la colaboraci\u00f3n de la Municipalidad de Molina, del Hospital Santa Rosa de Molina y de los hospitales San Juan de Dios de Curic\u00f3 y Dr. C\u00e9sar Garavagno Burotto de Talca y con el apoyo del Servicio de Salud del Maule.<\/p>\n\n\n\n<p>Entre los objetivos del equipo de investigaci\u00f3n, se espera generar alianzas con la Organizaci\u00f3n Mundial de la Salud e incorporar el estudio a la red internacional de vigilancia de la pandemia, tomando en cuenta que se recolectar\u00e1 informaci\u00f3n en tiempo real de la actividad del SARS-COV2 en la poblaci\u00f3n, caracterizaci\u00f3n&nbsp;gen\u00e9tica y cambios del virus circulante, magnitud de la enfermedad ambulatoria, hospitalizada y su mortalidad.<\/p>\n\n\n\n<p>\u201cLo que desarrollaremos es investigaci\u00f3n-acci\u00f3n, ya somos parte del sistema de trazabilidad, testeo y aislamiento del COVID-19 en Molina. Compartimos con el sistema de salud local nuestros resultados, discutimos sus implicancias y ofrecemos una consultor\u00eda permanente en cualquier tema de salud que ellos plantean. El equipo de salud de MAUCO, es parte de la comunidad. La poblaci\u00f3n de Molina, ser\u00e1 la primera beneficiada por nuestra actividad acad\u00e9mica pero tambi\u00e9n cumpliremos con el pa\u00eds que est\u00e1 financiado esta iniciativa.\u201d<\/p>\n\n\n\n<p><strong>SEGUNDOS RESULTADOS DEL SEGUIMIENTO POBLACIONAL DE LA EPIDEMIA POR COVID-19 EN CHILE<\/strong><\/p>\n\n\n\n<p>En paralelo, desde el mes de abril el equipo de investigaci\u00f3n del estudio MAUCO inici\u00f3 una campa\u00f1a de acompa\u00f1amiento a sus participantes, que incluye la realizaci\u00f3n de una encuesta usada internacionalmente adaptada a nuestra realidad, para evaluar la percepci\u00f3n, experiencias y necesidades de informaci\u00f3n del COVID-19 en Chile. \u201cAdem\u00e1s, aborda la apreciaci\u00f3n del riesgo de los participantes durante la epidemia en Chile, indaga sobre su impacto econ\u00f3mico, el abastecimiento de provisiones b\u00e1sicas, aspectos psicol\u00f3gicos, situaciones de contacto con casos, s\u00edntomas y experiencia en la adopci\u00f3n de las medidas de aislamiento social\u201d, explic\u00f3 el equipo de investigaci\u00f3n.<\/p>\n\n\n\n<p>Entre los resultados positivos de la segunda encuesta observados en el mes de mayo, se mostr\u00f3 un aumento significativo respecto a la facilidad de ejecutar las medidas sanitarias recomendadas, por ejemplo: uso de alcohol gel y de mascarilla, dificultades para el trabajo desde casa y evitar reuniones sociales y encuentro entre los ni\u00f1os.<\/p>\n\n\n\n<p>A diferencia de la primera medici\u00f3n, realizada en abril, gran parte de la poblaci\u00f3n entrevistada report\u00f3 menores preocupaciones respecto a las dudas sobre el origen de esta nueva enfermedad. Por otro lado, aunque aument\u00f3 levemente la percepci\u00f3n de riesgo de contagio del coronavirus, disminuyeron las personas que reportan evitar el contacto con otros individuos para prevenir el COVID-19.<\/p>\n\n\n\n<p>Respecto al impacto econ\u00f3mico, la Dra. Huidobro explic\u00f3 que s\u00f3lo el 25,2% de los participantes declar\u00f3 sentirse perjudicado econ\u00f3micamente en el mes de mayo; tampoco se reportaron dificultades para conseguir provisiones b\u00e1sicas como comida o papel higi\u00e9nico, durante los meses evaluados.<\/p>\n\n\n\n<p>Durante el per\u00edodo evaluado, el 98,8% de las personas no presentaron fiebre, un 96,6% no tuvo dificultad respiratoria y el s\u00edntoma m\u00e1s frecuente fue el dolor de cabeza. Respecto al impacto psicol\u00f3gico, la investigadora inform\u00f3 que se mantienen los valores similares observados en abril, destacando que un 33,3% de los participantes notific\u00f3 sentirse deprimido debido al COVID-19.<\/p>\n\n\n\n<p>El proceso de recolecci\u00f3n de informaci\u00f3n sobre COVID-19 y sus principales resultados de esta &nbsp;encuesta social y psicol\u00f3gica de COVID-19 y los avances del Centro Centinela se informar\u00e1n desde la p\u00e1gina&nbsp;<a href=\"https:\/\/mauco.org\/\" target=\"_blank\" rel=\"noreferrer noopener\">www.mauco.org<\/a>.<\/p>\n","protected":false},"excerpt":{"rendered":"<p>Catterina Ferreccio, epidemi\u00f3loga y directora del proyecto de la cohorte poblacional del Maule MAUCO -del Centro Avanzado de Enfermedades Cr\u00f3nicas ACCDIS-, junto a su equipo de<span class=\"excerpt-hellip\"> [\u2026]<\/span><\/p>\n","protected":false},"author":1,"featured_media":3499,"comment_status":"open","ping_status":"open","sticky":false,"template":"","format":"standard","meta":{"footnotes":""},"categories":[11,2],"tags":[],"class_list":["post-3489","post","type-post","status-publish","format-standard","has-post-thumbnail","hentry","category-eventos","category-news"],"_links":{"self":[{"href":"https:\/\/mauco.org\/index.php?rest_route=\/wp\/v2\/posts\/3489","targetHints":{"allow":["GET"]}}],"collection":[{"href":"https:\/\/mauco.org\/index.php?rest_route=\/wp\/v2\/posts"}],"about":[{"href":"https:\/\/mauco.org\/index.php?rest_route=\/wp\/v2\/types\/post"}],"author":[{"embeddable":true,"href":"https:\/\/mauco.org\/index.php?rest_route=\/wp\/v2\/users\/1"}],"replies":[{"embeddable":true,"href":"https:\/\/mauco.org\/index.php?rest_route=%2Fwp%2Fv2%2Fcomments&post=3489"}],"version-history":[{"count":3,"href":"https:\/\/mauco.org\/index.php?rest_route=\/wp\/v2\/posts\/3489\/revisions"}],"predecessor-version":[{"id":3496,"href":"https:\/\/mauco.org\/index.php?rest_route=\/wp\/v2\/posts\/3489\/revisions\/3496"}],"wp:featuredmedia":[{"embeddable":true,"href":"https:\/\/mauco.org\/index.php?rest_route=\/wp\/v2\/media\/3499"}],"wp:attachment":[{"href":"https:\/\/mauco.org\/index.php?rest_route=%2Fwp%2Fv2%2Fmedia&parent=3489"}],"wp:term":[{"taxonomy":"category","embeddable":true,"href":"https:\/\/mauco.org\/index.php?rest_route=%2Fwp%2Fv2%2Fcategories&post=3489"},{"taxonomy":"post_tag","embeddable":true,"href":"https:\/\/mauco.org\/index.php?rest_route=%2Fwp%2Fv2%2Ftags&post=3489"}],"curies":[{"name":"wp","href":"https:\/\/api.w.org\/{rel}","templated":true}]}}