{"id":3513,"date":"2020-09-25T19:39:11","date_gmt":"2020-09-25T19:39:11","guid":{"rendered":"https:\/\/mauco.org\/?p=3513"},"modified":"2020-09-25T19:39:15","modified_gmt":"2020-09-25T19:39:15","slug":"ferreccio-sobre-el-retorno-a-clases-los-padres-tienen-una-intuicion-con-buen-fundamento","status":"publish","type":"post","link":"https:\/\/mauco.org\/?p=3513","title":{"rendered":"Ferreccio sobre el retorno a clases: \u00abLos padres tienen una intuici\u00f3n con buen fundamento\u00bb"},"content":{"rendered":"\n<p><strong>La epidemi\u00f3loga Catterina Ferreccio, quien forma parte del Comit\u00e9 Asesor Covid, cree que hay un aumento \u00abpreocupante\u00bb de los contagios, y afirma que este 18 no se deber\u00eda salir de la casa.<\/strong><\/p>\n\n\n\n<p>El ministro de Salud,&nbsp;Enrique Paris, reconoci\u00f3 que ve con preocupaci\u00f3n el&nbsp;<a href=\"https:\/\/www.elmostrador.cl\/noticias\/pais\/2020\/09\/09\/se-acabo-el-veranito-de-san-juan-crece-la-velocidad-de-contagio-de-covid-19-en-la-rm-luego-de-casi-tres-meses-y-punta-arenas-es-la-comuna-con-mas-casos-activos\/\" target=\"_blank\" rel=\"noreferrer noopener\">aumento de los contagios por coronavirus<\/a>&nbsp;en el pa\u00eds, cifra que comprueban sus informes y, seg\u00fan revel\u00f3 el grupo&nbsp;<a href=\"https:\/\/www.icovidchile.cl\/\" target=\"_blank\" rel=\"noreferrer noopener\">Icovid<\/a>, los casos se concentran en la zona centro sur del pa\u00eds.<\/p>\n\n\n\n<p>La epidemi\u00f3loga&nbsp;Catterina Ferreccio, en conversaci\u00f3n con&nbsp;Primera Pauta, de&nbsp;Radio PAUTA, mira con atenci\u00f3n el incremento de casos positivos en el pa\u00eds, debido a que son el doble de los que se registraron en Espa\u00f1a, por ejemplo, al momento de la reapertura. \u00abLa cantidad de enfermos por 100 mil habitantes que tenemos en Chile al momento que empezamos la apertura es el doble de lo que ten\u00eda Espa\u00f1a [\u2026] eso hace que, si la transmisi\u00f3n aumenta un poquito, como esto es exponencial, es mucho m\u00e1s grande\u2026 es preocupante, pero estamos en un mejor pie\u00bb, reconoci\u00f3.<\/p>\n\n\n\n<p>Dado este escenario, la tambi\u00e9n acad\u00e9mica de la Pontificia Universidad Cat\u00f3lica de Chile manifest\u00f3 sus reparos con el plan \u00ab<a href=\"https:\/\/www.minsal.cl\/comunas-en-cuarentena-no-podran-acceder-a-permisos-especiales-de-fiestas-patrias\/\" target=\"_blank\" rel=\"noreferrer noopener\">Fond\u00e9ate en tu casa<\/a>\u00bb que present\u00f3 el Gobierno, ya que cree que durante estas Fiestas Patrias la gente no deber\u00eda salir de casa. \u00abLo mejor del &#8216;fond\u00e9ate&#8217;, es &#8216;fond\u00e9ate en casa&#8217; [\u2026] el concepto es saltarse este 18 la celebraci\u00f3n t\u00edpica [\u2026] no es el momento para hacer ese tipo de aperturas\u00bb, agreg\u00f3.<\/p>\n\n\n\n<p><strong>Regreso a clases<\/strong><\/p>\n\n\n\n<p>El retorno al colegio de los estudiantes del pa\u00eds es quiz\u00e1s la pregunta m\u00e1s repetida, aunque no hay a\u00fan una respuesta clara. La autoridad no se define por una fecha de retorno, o respecto de si un regreso presencial ser\u00e1 posible dutante este a\u00f1o.<\/p>\n\n\n\n<p>Para Ferreccio, es algo que puede considerarse en regiones, pero definitivamente no en la Regi\u00f3n Metropolitana. \u00abLos padres tienen una intuici\u00f3n con buen fundamento. Se ha visto en el mundo que cuando se abre un colegio se produce una explosi\u00f3n y hay que volver a cerrar [\u2026] si estamos hablando en Santiago no, la (Regi\u00f3n) Metropolitana no [\u2026] pero hay otros lugares que no est\u00e1n con casos, que pueden volver\u00bb, afirm\u00f3.<\/p>\n\n\n\n<p>Fuente: <a href=\"https:\/\/www.pauta.cl\/nacional\/epidemiologa-y-fondeate-no-es-el-momento-para-este-tipo-de-aperturas\">https:\/\/www.pauta.cl\/nacional\/epidemiologa-y-fondeate-no-es-el-momento-para-este-tipo-de-aperturas<\/a><\/p>\n","protected":false},"excerpt":{"rendered":"<p>La epidemi\u00f3loga Catterina Ferreccio, quien forma parte del Comit\u00e9 Asesor Covid, cree que hay un aumento \u00abpreocupante\u00bb de los contagios, y afirma que este 18 no<span class=\"excerpt-hellip\"> [\u2026]<\/span><\/p>\n","protected":false},"author":1,"featured_media":3514,"comment_status":"open","ping_status":"open","sticky":false,"template":"","format":"standard","meta":{"footnotes":""},"categories":[11,2,8],"tags":[],"class_list":["post-3513","post","type-post","status-publish","format-standard","has-post-thumbnail","hentry","category-eventos","category-news","category-noticias"],"_links":{"self":[{"href":"https:\/\/mauco.org\/index.php?rest_route=\/wp\/v2\/posts\/3513","targetHints":{"allow":["GET"]}}],"collection":[{"href":"https:\/\/mauco.org\/index.php?rest_route=\/wp\/v2\/posts"}],"about":[{"href":"https:\/\/mauco.org\/index.php?rest_route=\/wp\/v2\/types\/post"}],"author":[{"embeddable":true,"href":"https:\/\/mauco.org\/index.php?rest_route=\/wp\/v2\/users\/1"}],"replies":[{"embeddable":true,"href":"https:\/\/mauco.org\/index.php?rest_route=%2Fwp%2Fv2%2Fcomments&post=3513"}],"version-history":[{"count":1,"href":"https:\/\/mauco.org\/index.php?rest_route=\/wp\/v2\/posts\/3513\/revisions"}],"predecessor-version":[{"id":3515,"href":"https:\/\/mauco.org\/index.php?rest_route=\/wp\/v2\/posts\/3513\/revisions\/3515"}],"wp:featuredmedia":[{"embeddable":true,"href":"https:\/\/mauco.org\/index.php?rest_route=\/wp\/v2\/media\/3514"}],"wp:attachment":[{"href":"https:\/\/mauco.org\/index.php?rest_route=%2Fwp%2Fv2%2Fmedia&parent=3513"}],"wp:term":[{"taxonomy":"category","embeddable":true,"href":"https:\/\/mauco.org\/index.php?rest_route=%2Fwp%2Fv2%2Fcategories&post=3513"},{"taxonomy":"post_tag","embeddable":true,"href":"https:\/\/mauco.org\/index.php?rest_route=%2Fwp%2Fv2%2Ftags&post=3513"}],"curies":[{"name":"wp","href":"https:\/\/api.w.org\/{rel}","templated":true}]}}