{"id":3603,"date":"2021-06-01T22:55:03","date_gmt":"2021-06-01T22:55:03","guid":{"rendered":"https:\/\/mauco.org\/?p=3603"},"modified":"2021-06-01T22:55:05","modified_gmt":"2021-06-01T22:55:05","slug":"covid-imparable-200-comunas-anotan-alza-de-casos-en-7-dias-varias-con-aumento-muy-grande","status":"publish","type":"post","link":"https:\/\/mauco.org\/?p=3603","title":{"rendered":"Covid imparable: 200 comunas anotan alza de casos en 7 d\u00edas, varias con aumento \u00abmuy grande\u00bb"},"content":{"rendered":"\n<p>El domingo, el presidente Sebasti\u00e1n Pi\u00f1era encabez\u00f3 la recepci\u00f3n de un cargamento de&nbsp;<strong>2,2 millones de dosis de la vacuna CoronaVac<\/strong>&nbsp;del laboratorio chino Sinovac.<\/p>\n\n\n\n<p>Este n\u00famero hizo que la cifra de dosis recibidas en el pa\u00eds llegara a los&nbsp;<strong>19,2 millones<\/strong>, de los 40 millones que el Gobierno se ha comprometido a asegurar para la poblaci\u00f3n.<\/p>\n\n\n\n<p>En el evento, el Mandatario se\u00f1al\u00f3 que durante esta semana \u2013 todav\u00eda no se ha especificado el d\u00eda con exactitud \u2013 se comenzar\u00e1 a&nbsp;<strong>implementar un pase de movilidad<\/strong>, identificaci\u00f3n que otorgar\u00e1 mayores libertades a las personas que hayan completado su inoculaci\u00f3n.<\/p>\n\n\n\n<p>Esta decisi\u00f3n tomada por el Gobierno se da en un contexto en el cual los&nbsp;<strong>contagios contin\u00faan en niveles preocupantes<\/strong>.<\/p>\n\n\n\n<p>En su \u00faltimo reporte, el Ministerio de Salud&nbsp;<strong>(Minsal) inform\u00f3 6.519 casos nuevos de coronavirus<\/strong>&nbsp;y se contabilizaron 41.510 casos activos en el pa\u00eds. Adem\u00e1s, la curva epidemiol\u00f3gica no muestra un escenario beneficioso.<\/p>\n\n\n\n<p>Tambi\u00e9n se inform\u00f3 una&nbsp;<strong>positividad del 9,02% despu\u00e9s de haber realizado 65.339 ex\u00e1menes<\/strong>&nbsp;de PCR y el Departamento de Estad\u00edsticas e Informaci\u00f3n de la Salud (DEIS) incorpor\u00f3 a 132 personas al n\u00famero de decesos vinculados a la pandemia.<\/p>\n\n\n\n<p>Adem\u00e1s, el informe del Minsal report\u00f3 a 2.980 pacientes que teniendo covid-19 est\u00e1n internos en salas UCI, 2.462 de ellos en ventilaci\u00f3n mec\u00e1nica, con 248 camas cr\u00edticas disponibles.<\/p>\n\n\n\n<h2 class=\"wp-block-heading\">Covid-19 no para en Chile<\/h2>\n\n\n\n<p>Ante este escenario, el ingeniero y especialista en comunicaci\u00f3n de datos, Ernesto Laval, afirm\u00f3 que&nbsp;<strong>si no se toman medidas para controlar la situaci\u00f3n las cifras seguir\u00e1n empeorando<\/strong>.<\/p>\n\n\n\n<p>En base a datos trabajados de manera personal, el experto asegur\u00f3 que&nbsp;<strong>200 comunas del pa\u00eds registraron un alza de casos en siete d\u00edas<\/strong>&nbsp;y que 45 de estas pertenecen a la regi\u00f3n Metropolitana.<\/p>\n\n\n\n<p>Adem\u00e1s, Laval enfoc\u00f3 su an\u00e1lisis en las&nbsp;<strong>comunas con m\u00e1s de 50 mil habitantes que anotaron aumentos superiores al 40%<\/strong>, lo que a su juicio es \u201cmuy grande\u201d.<\/p>\n\n\n\n<p>Por ejemplo, estas son algunas de las comunas que se vieron afectadas por esta alza, considerando los siete d\u00edas que especifica el analista:<\/p>\n\n\n\n<p>\u2013&nbsp;<strong>Vitacura<\/strong>, con un 91,3% en 7 d\u00edas.<br>\u2013&nbsp;<strong>Maule<\/strong>, con un 70,4% en el mismo periodo.<br>\u2013&nbsp;<strong>Providencia<\/strong>, con un 65%.<br>\u2013&nbsp;<strong>\u00d1u\u00f1oa<\/strong>, con 63%.<br>\u2013&nbsp;<strong>Chill\u00e1n&nbsp;<\/strong>con 49,2%.<\/p>\n\n\n\n<p>En su an\u00e1lisis, Laval incluy\u00f3 a otras comunas como San Vicente, Rancagua, Osorno y Coyhaique.<\/p>\n\n\n\n<h2 class=\"wp-block-heading\">Vacunaci\u00f3n<\/h2>\n\n\n\n<p>Sobre el proceso de vacunaci\u00f3n, un&nbsp;<strong>63,29% de la poblaci\u00f3n objetivo ha recibido la primera dosis<\/strong>&nbsp;de la inmunizaci\u00f3n.<\/p>\n\n\n\n<p>Por otro lado, un&nbsp;<strong>50,65% de ese grupo ya complet\u00f3<\/strong>&nbsp;su proceso de inoculaci\u00f3n.<\/p>\n\n\n\n<p>El infect\u00f3logo del Hospital Barros Luco, Ignacio Silva, destac\u00f3 que las vacunas s\u00ed han hecho efecto en su prop\u00f3sito, el cual es&nbsp;<strong>disminuir la cantidad de pacientes en estado cr\u00edtico<\/strong>.<\/p>\n\n\n\n<p>La epidemi\u00f3loga e integrante del consejo asesor covid-19, Catterina Ferreccio, declar\u00f3 que el alza de casos se debe a que&nbsp;<strong>todav\u00eda no se llega a una inmunidad de reba\u00f1o<\/strong>&nbsp;y que a\u00fan teniendo una vacuna 100% efectiva seguir\u00edan habiendo casos si es que hay solo un 50% de la poblaci\u00f3n vacunada.<\/p>\n\n\n\n<p>En la misma l\u00ednea, el m\u00e9dico de la Universidad Cat\u00f3lica y experto en Salud P\u00fablica, Juan Carlos Said, se\u00f1al\u00f3 que otro factor que influye en el alza de casos son las&nbsp;<strong>nuevas variantes del virus SARS-CoV-2<\/strong>, las cuales tienen mayor capacidad de contagio y afectan fuertemente a la poblaci\u00f3n m\u00e1s joven, la cual a\u00fan no alcanza un n\u00famero alto de vacunaci\u00f3n.<\/p>\n\n\n\n<p>Las autoridades llamaron a no confiarse, se\u00f1alaron que es necesario que la&nbsp;<strong>poblaci\u00f3n contin\u00fae manteniendo todas las medidas de seguridad sanitarias<\/strong>, como mascarilla, lavado contante de manos, uso de alcohol gel, y tambi\u00e9n indicaron que es importante continuar con el proceso de vacunaci\u00f3n.<\/p>\n\n\n\n<p>Este lunes, en tanto, el&nbsp;<strong>calendario de vacunaci\u00f3n comienza a regir para las personas entre 29 y 26 a\u00f1os<\/strong>.<\/p>\n\n\n\n<p><a href=\"https:\/\/www.biobiochile.cl\/noticias\/nacional\/region-metropolitana\/2021\/05\/23\/solo-hay-130-dosis-larga-fila-y-molestia-de-personas-en-vacunatorio-movil-de-estacion-mapocho.shtml\">Este proceso vivi\u00f3 ayer domingo una jornada compleja<\/a>. Por ejemplo, en el Centro Cultural Mapocho se anunci\u00f3 el proceso de vacunaci\u00f3n para mayores de 30 a\u00f1os, incluyendo la segunda dosis entre el mediod\u00eda y las 15:00 horas.<\/p>\n\n\n\n<p>Sin embargo, el procedimiento fue calificado como \u201cca\u00f3tico\u201d porque lo que no se inform\u00f3 es que&nbsp;<strong>hab\u00eda solo 130 dosis<\/strong>&nbsp;y el n\u00famero de personas que lleg\u00f3 a inocularse superaba considerablemente la cantidad de vacunas disponibles.Ver noticia completa en&nbsp;<a href=\"https:\/\/www.biobiochile.cl\/noticias\/nacional\/chile\/2021\/05\/24\/covid-imparable-200-comunas-anotan-alza-de-casos-en-7-dias-varias-con-aumento-muy-grande.shtml\">https:\/\/www.biobiochile.cl\/noticias\/nacional\/chile\/2021\/05\/24\/covid-imparable-200-comunas-anotan-alza-de-casos-en-7-dias-varias-con-aumento-muy-grande.shtml<\/a><\/p>\n","protected":false},"excerpt":{"rendered":"<p>El domingo, el presidente Sebasti\u00e1n Pi\u00f1era encabez\u00f3 la recepci\u00f3n de un cargamento de&nbsp;2,2 millones de dosis de la vacuna CoronaVac&nbsp;del laboratorio chino Sinovac. Este n\u00famero hizo<span class=\"excerpt-hellip\"> [\u2026]<\/span><\/p>\n","protected":false},"author":1,"featured_media":3607,"comment_status":"open","ping_status":"open","sticky":false,"template":"","format":"standard","meta":{"footnotes":""},"categories":[11,2,8],"tags":[],"class_list":["post-3603","post","type-post","status-publish","format-standard","has-post-thumbnail","hentry","category-eventos","category-news","category-noticias"],"_links":{"self":[{"href":"https:\/\/mauco.org\/index.php?rest_route=\/wp\/v2\/posts\/3603","targetHints":{"allow":["GET"]}}],"collection":[{"href":"https:\/\/mauco.org\/index.php?rest_route=\/wp\/v2\/posts"}],"about":[{"href":"https:\/\/mauco.org\/index.php?rest_route=\/wp\/v2\/types\/post"}],"author":[{"embeddable":true,"href":"https:\/\/mauco.org\/index.php?rest_route=\/wp\/v2\/users\/1"}],"replies":[{"embeddable":true,"href":"https:\/\/mauco.org\/index.php?rest_route=%2Fwp%2Fv2%2Fcomments&post=3603"}],"version-history":[{"count":1,"href":"https:\/\/mauco.org\/index.php?rest_route=\/wp\/v2\/posts\/3603\/revisions"}],"predecessor-version":[{"id":3608,"href":"https:\/\/mauco.org\/index.php?rest_route=\/wp\/v2\/posts\/3603\/revisions\/3608"}],"wp:featuredmedia":[{"embeddable":true,"href":"https:\/\/mauco.org\/index.php?rest_route=\/wp\/v2\/media\/3607"}],"wp:attachment":[{"href":"https:\/\/mauco.org\/index.php?rest_route=%2Fwp%2Fv2%2Fmedia&parent=3603"}],"wp:term":[{"taxonomy":"category","embeddable":true,"href":"https:\/\/mauco.org\/index.php?rest_route=%2Fwp%2Fv2%2Fcategories&post=3603"},{"taxonomy":"post_tag","embeddable":true,"href":"https:\/\/mauco.org\/index.php?rest_route=%2Fwp%2Fv2%2Ftags&post=3603"}],"curies":[{"name":"wp","href":"https:\/\/api.w.org\/{rel}","templated":true}]}}