{"id":3645,"date":"2021-11-17T21:51:12","date_gmt":"2021-11-17T21:51:12","guid":{"rendered":"https:\/\/mauco.org\/?p=3645"},"modified":"2021-11-17T21:51:16","modified_gmt":"2021-11-17T21:51:16","slug":"sandra-cortes-y-estudio-de-enfermedades-cronicas-en-coronel-es-la-primera-vez-que-en-chile-se-hace-un-trabajo-de-esta-magnitud-y-cantidad-de-datos-de-alta-calidad","status":"publish","type":"post","link":"https:\/\/mauco.org\/?p=3645","title":{"rendered":"Sandra Cort\u00e9s y estudio de enfermedades cr\u00f3nicas en Coronel: \u201cEs la primera vez que en Chile se hace un trabajo de esta magnitud y cantidad de datos de alta calidad\u201d"},"content":{"rendered":"\n<p><strong>El estudio, encargado por el Ministerio de Salud, tiene por objetivo describir la prevalencia de enfermedades prioritarias y sus determinantes sociales en el entorno de las personas, mediante la aplicaci\u00f3n de cuestionarios y ex\u00e1menes de laboratorio, en una muestra representativa de la comuna de Coronel.<\/strong><\/p>\n\n\n\n<p>El trabajo territorial del estudio de<strong>\u00a0\u201cDeterminantes de Salud en la comuna de Coronel\u201d<\/strong>\u00a0ya alcanz\u00f3 el 60% de lo programado. El objetivo de este estudio es establecer la prevalencia comunal de enfermedades asociadas al deterioro ambiental, prevalencia de niveles elevados de ars\u00e9nico inorg\u00e1nico urinario o plomo en sangre y sus factores de riesgo en personas mayores de 18 a\u00f1os.\u00a0<\/p>\n\n\n\n<div class=\"wp-block-image\"><figure class=\"aligncenter size-full\"><img loading=\"lazy\" decoding=\"async\" width=\"808\" height=\"533\" src=\"https:\/\/mauco.org\/wp-content\/uploads\/2021\/11\/SCortes1.JPG.jpg\" alt=\"\" class=\"wp-image-3646\" srcset=\"https:\/\/mauco.org\/wp-content\/uploads\/2021\/11\/SCortes1.JPG.jpg 808w, https:\/\/mauco.org\/wp-content\/uploads\/2021\/11\/SCortes1.JPG-400x264.jpg 400w, https:\/\/mauco.org\/wp-content\/uploads\/2021\/11\/SCortes1.JPG-768x507.jpg 768w, https:\/\/mauco.org\/wp-content\/uploads\/2021\/11\/SCortes1.JPG-221x146.jpg 221w, https:\/\/mauco.org\/wp-content\/uploads\/2021\/11\/SCortes1.JPG-50x33.jpg 50w, https:\/\/mauco.org\/wp-content\/uploads\/2021\/11\/SCortes1.JPG-114x75.jpg 114w\" sizes=\"auto, (max-width: 808px) 100vw, 808px\" \/><\/figure><\/div>\n\n\n\n<p class=\"has-text-align-right\">A la fecha, fueron aplicados cuestionarios demogr\u00e1ficos y de salud, muestras de sangre y orina junto a pruebas de condici\u00f3n f\u00edsica y funci\u00f3n pulmonar a 670 personas de Coronel, informaci\u00f3n que se registra de manera complementaria y se mantiene bajo criterios de confidencialidad. Tal como explica la Dra. Sandra Cort\u00e9s, investigadora responsable del estudio, \u201cHasta ahora, para cada una estas personas ya tenemos informaci\u00f3n de alto valor individual pero tambi\u00e9n de alto valor colectivo\u201d.\u00a0<\/p>\n\n\n\n<p>En este estudio se busca establecer la prevalencia de enfermedades cr\u00f3nicas relacionadas con la calidad del entorno y tambi\u00e9n con condiciones psicosociales, conductuales y biol\u00f3gicas. \u201cMediante un estudio epidemiol\u00f3gico, luego de recolectar todos los antecedentes, analizaremos condiciones de las personas como su nivel de escolaridad, sistema de previsi\u00f3n de salud o incluso la historia de sus residencias o trabajos que puedan afectar la salud poblacional en Coronel. Tambi\u00e9n existen otras condiciones del entorno como fuentes fijas o m\u00f3viles que puedan alterar la calidad del aire y sus posibles relaciones con algunos indicadores de salud\u201d, explica la tambi\u00e9n investigadora del Centro de Desarrollo Urbano Sustentable (CEDEUS) y del Centro Avanzado de Enfermedades Cr\u00f3nicas (ACCDIS).<\/p>\n\n\n\n<p>El equipo que est\u00e1 desarrollando este proyecto se compone por expertos de diversas disciplinas, como ge\u00f3grafos\/as, estad\u00edsticos\/as, m\u00e9dicos\/as pertenecientes a la Escuela de Salud de la Pontificia Universidad Cat\u00f3lica, y centros de investigaci\u00f3n como CEDEUS y el ACCDiS.&nbsp;<\/p>\n\n\n\n<p>\u201cA pesar de la abundante evidencia ambiental, poco sabemos de lo que le ocurre a las personas y esa es nuestra tarea. Esperamos que este estudio y sus resultados, sean conocidos por muchas personas de Coronel, para que la ciencia est\u00e9 efectivamente a disposici\u00f3n de las personas y permita a actores claves tomar mejores decisiones para mejorar las condiciones de vida de las y los coronelinos\u201d, agreg\u00f3 la epidemi\u00f3loga.&nbsp;<\/p>\n\n\n\n<p>En 2006 el \u00c1rea Metropolitana de Concepci\u00f3n, conformada por Coronel, Chiguayante, Concepci\u00f3n, Hualp\u00e9n, Hualqui, Lota, Penco, San Pedro de la Paz, Talcahuano y Tom\u00e9, fue declarada zona de latencia por material particulado respirable (MP10). Desde 2015, la misma zona fue declarada saturada por material particulado fino respirable 2,5 (MP2,5) como concentraci\u00f3n diaria. Estos antecedentes son de alto valor, justo ahora que la Organizaci\u00f3n Mundial de la Salud ha establecido recomendaciones de calidad de aire m\u00e1s restrictivas pero a la vez m\u00e1s protectoras para la salud de las personas.&nbsp;<\/p>\n\n\n\n<figure class=\"wp-block-image\"><img decoding=\"async\" src=\"blob:https:\/\/mauco.org\/fae31c4d-c574-47e6-83c0-9a5a74bd48ba\" alt=\"\"\/><\/figure>\n","protected":false},"excerpt":{"rendered":"<p>El estudio, encargado por el Ministerio de Salud, tiene por objetivo describir la prevalencia de enfermedades prioritarias y sus determinantes sociales en el entorno de las<span class=\"excerpt-hellip\"> [\u2026]<\/span><\/p>\n","protected":false},"author":1,"featured_media":3647,"comment_status":"open","ping_status":"open","sticky":false,"template":"","format":"standard","meta":{"footnotes":""},"categories":[11,2,8],"tags":[],"class_list":["post-3645","post","type-post","status-publish","format-standard","has-post-thumbnail","hentry","category-eventos","category-news","category-noticias"],"_links":{"self":[{"href":"https:\/\/mauco.org\/index.php?rest_route=\/wp\/v2\/posts\/3645","targetHints":{"allow":["GET"]}}],"collection":[{"href":"https:\/\/mauco.org\/index.php?rest_route=\/wp\/v2\/posts"}],"about":[{"href":"https:\/\/mauco.org\/index.php?rest_route=\/wp\/v2\/types\/post"}],"author":[{"embeddable":true,"href":"https:\/\/mauco.org\/index.php?rest_route=\/wp\/v2\/users\/1"}],"replies":[{"embeddable":true,"href":"https:\/\/mauco.org\/index.php?rest_route=%2Fwp%2Fv2%2Fcomments&post=3645"}],"version-history":[{"count":1,"href":"https:\/\/mauco.org\/index.php?rest_route=\/wp\/v2\/posts\/3645\/revisions"}],"predecessor-version":[{"id":3648,"href":"https:\/\/mauco.org\/index.php?rest_route=\/wp\/v2\/posts\/3645\/revisions\/3648"}],"wp:featuredmedia":[{"embeddable":true,"href":"https:\/\/mauco.org\/index.php?rest_route=\/wp\/v2\/media\/3647"}],"wp:attachment":[{"href":"https:\/\/mauco.org\/index.php?rest_route=%2Fwp%2Fv2%2Fmedia&parent=3645"}],"wp:term":[{"taxonomy":"category","embeddable":true,"href":"https:\/\/mauco.org\/index.php?rest_route=%2Fwp%2Fv2%2Fcategories&post=3645"},{"taxonomy":"post_tag","embeddable":true,"href":"https:\/\/mauco.org\/index.php?rest_route=%2Fwp%2Fv2%2Ftags&post=3645"}],"curies":[{"name":"wp","href":"https:\/\/api.w.org\/{rel}","templated":true}]}}