{"id":3655,"date":"2021-12-29T19:55:30","date_gmt":"2021-12-29T19:55:30","guid":{"rendered":"https:\/\/mauco.org\/?p=3655"},"modified":"2021-12-29T19:55:33","modified_gmt":"2021-12-29T19:55:33","slug":"80-de-avance-registra-estudio-socioambiental-para-conocer-prevalencia-de-enfermedades-en-coronel","status":"publish","type":"post","link":"https:\/\/mauco.org\/?p=3655","title":{"rendered":"80% de avance registra estudio socioambiental para conocer prevalencia de enfermedades en Coronel"},"content":{"rendered":"\n<p>Mil de un total de 1.206 personas han sido encuestadas a la fecha en el marco del primer estudio tipo transversal ejecutado por el Departamento de Salud de la Pontifica Universidad Cat\u00f3lica de Chile (PUC) en la comuna de Coronel, para analizar situaci\u00f3n de salud y prevalencia de enfermedades, adem\u00e1s de lo determinantes psicosociales, conductuales y biol\u00f3gicos de los coronelinos.<\/p>\n\n\n\n<p>Este estudio investigativo, con base cient\u00edfica, financiado por el Ministerio de Salud y ejecutado por investigadores expertos en Salud Poblacional y da\u00f1os en salud de la PUC, comenz\u00f3 en junio de este a\u00f1o, con empadronadores que han recorrido el territorio invitando a participar a personas que han vivido por m\u00e1s de 5 a\u00f1os en la ciudad y que son mayores de 18 a\u00f1os.<\/p>\n\n\n\n<p>\u201cHemos llegado a mil personas entrevistadas y 830 que ya han entregado muestras de sangre y orina, para analizar el estado de salud mediante la determinaci\u00f3n de la prevalencia de enfermedades cr\u00f3nicas relacionadas con el deterioro ambiental y as\u00ed generar evidencia cient\u00edfica, con el objetivo de mejorar las condiciones de salud y del entorno en los habitantes de Coronel\u201d, explic\u00f3 la Seremi (s) de Salud, Isabel Rojas.<\/p>\n\n\n\n<p>Durante la primera etapa del estudio se ha dialogado activamente con las autoridades comunales y organizaciones comunitarias, desde Juntas de Vecinos, Consejo para la Recuperaci\u00f3n Ambiental y Social (CRAS), Comit\u00e9 Ambiental Comunal y universidades e investigadores.<\/p>\n\n\n\n<p>\u201cEstamos escuchando a los coronelinos a trav\u00e9s de este estudio que es pionero en el pa\u00eds, generando evidencia cient\u00edfica y para mejorar la calidad de vida de todas las personas, especialmente de quienes viven en zonas que han tenido un fuerte deterioro ambiental por d\u00e9cadas\u201d, dijo la investigadora del Centro de Desarrollo Urbano Sustentable. Cedeus de la PUC, Sandra Cort\u00e9s.<\/p>\n\n\n\n<p>La investigadora agreg\u00f3 que en&nbsp;&nbsp;las pr\u00f3ximas semanas esperan terminar el trabajo de campo, para as\u00ed comenzar a entregar los resultados de forma confidencial a todas las personas que participaron.<\/p>\n\n\n\n<p>Se espera contar con las conclusiones estad\u00edsticas de la prevalencia de los metales ars\u00e9nico y plomo, seg\u00fan sexo, edad y nivel educacional y entregar los resultados oficiales durante el primer semestre del 2022 para identificar factores de riesgo asociados al entorno en Coronel.<\/p>\n\n\n\n<p>Leer noticia completa en&nbsp;<a href=\"http:\/\/www.tribunadelbiobio.cl\/portal\/index.php?option=com_content&amp;task=view&amp;id=16663&amp;Itemid=100\">http:\/\/www.tribunadelbiobio.cl\/portal\/index.php?option=com_content&amp;task=view&amp;id=16663&amp;Itemid=100<\/a><\/p>\n","protected":false},"excerpt":{"rendered":"<p>Mil de un total de 1.206 personas han sido encuestadas a la fecha en el marco del primer estudio tipo transversal ejecutado por el Departamento de<span class=\"excerpt-hellip\"> [\u2026]<\/span><\/p>\n","protected":false},"author":1,"featured_media":3657,"comment_status":"open","ping_status":"open","sticky":false,"template":"","format":"standard","meta":{"footnotes":""},"categories":[2,8],"tags":[],"class_list":["post-3655","post","type-post","status-publish","format-standard","has-post-thumbnail","hentry","category-news","category-noticias"],"_links":{"self":[{"href":"https:\/\/mauco.org\/index.php?rest_route=\/wp\/v2\/posts\/3655","targetHints":{"allow":["GET"]}}],"collection":[{"href":"https:\/\/mauco.org\/index.php?rest_route=\/wp\/v2\/posts"}],"about":[{"href":"https:\/\/mauco.org\/index.php?rest_route=\/wp\/v2\/types\/post"}],"author":[{"embeddable":true,"href":"https:\/\/mauco.org\/index.php?rest_route=\/wp\/v2\/users\/1"}],"replies":[{"embeddable":true,"href":"https:\/\/mauco.org\/index.php?rest_route=%2Fwp%2Fv2%2Fcomments&post=3655"}],"version-history":[{"count":1,"href":"https:\/\/mauco.org\/index.php?rest_route=\/wp\/v2\/posts\/3655\/revisions"}],"predecessor-version":[{"id":3658,"href":"https:\/\/mauco.org\/index.php?rest_route=\/wp\/v2\/posts\/3655\/revisions\/3658"}],"wp:featuredmedia":[{"embeddable":true,"href":"https:\/\/mauco.org\/index.php?rest_route=\/wp\/v2\/media\/3657"}],"wp:attachment":[{"href":"https:\/\/mauco.org\/index.php?rest_route=%2Fwp%2Fv2%2Fmedia&parent=3655"}],"wp:term":[{"taxonomy":"category","embeddable":true,"href":"https:\/\/mauco.org\/index.php?rest_route=%2Fwp%2Fv2%2Fcategories&post=3655"},{"taxonomy":"post_tag","embeddable":true,"href":"https:\/\/mauco.org\/index.php?rest_route=%2Fwp%2Fv2%2Ftags&post=3655"}],"curies":[{"name":"wp","href":"https:\/\/api.w.org\/{rel}","templated":true}]}}