{"id":3684,"date":"2022-06-17T23:26:51","date_gmt":"2022-06-17T23:26:51","guid":{"rendered":"https:\/\/mauco.org\/?p=3684"},"modified":"2022-06-17T23:41:29","modified_gmt":"2022-06-17T23:41:29","slug":"subdirectora-de-accdis-dra-catterina-ferreccio-ingreso-a-la-academia-chilena-de-medicina","status":"publish","type":"post","link":"https:\/\/mauco.org\/?p=3684","title":{"rendered":"Subdirectora de ACCDIS, Dra. Catterina Ferreccio, ingres\u00f3 a la Academia Chilena de Medicina."},"content":{"rendered":"\n<p><\/p>\n\n\n\n<p><em>Durante abril se realiz\u00f3 la ceremonia de ingreso&nbsp;de la docente del Departamento de Salud P\u00fablica de la&nbsp;&nbsp;Escuela de Medicina UC. La nominaci\u00f3n se realiz\u00f3 en reconocimiento&nbsp;&nbsp;a su destacada trayectoria profesional y su contribuci\u00f3n&nbsp;&nbsp;al progreso de la medicina del pa\u00eds.<\/em><\/p>\n\n\n\n<p>La Academia Chilena de Medicina es una de seis academias que constituyen el Instituto de Chile. Es una corporaci\u00f3n p\u00fablica, aut\u00f3noma en su organizaci\u00f3n y funciones, integrada por m\u00e9dicos destacados en su contribuci\u00f3n al progreso de la medicina, la educaci\u00f3n m\u00e9dica y la salud p\u00fablica.<\/p>\n\n\n\n<p>Para el cumplimiento de sus objetivos realiza actividades que incluyen el an\u00e1lisis de temas m\u00e9dicos de actualidad, el est\u00edmulo de la investigaci\u00f3n m\u00e9dica nacional, responder a consultas que el gobierno u otras instituciones le formulen sobre problemas m\u00e9dicos o de salud p\u00fablica, y exponer en medios de comunicaci\u00f3n sus opiniones sobre temas que sean relevantes para la comunidad nacional.<\/p>\n\n\n\n<p>A esta corporaci\u00f3n se sum\u00f3 ayer la Dra. Catterina Ferreccio, especialista en Epidemiolog\u00eda y Salud P\u00fablica de la Universidad Cat\u00f3lica, en reconocimiento a su destacada trayectoria profesional y su contribuci\u00f3n al progreso de la medicina del pa\u00eds.<\/p>\n\n\n\n<p><em>\u201cEs una tremenda satisfacci\u00f3n que me hayan nombrado primero porque soy mujer y la Academia hist\u00f3ricamente ha sido un espacio algo vetado para nosotras. Tambi\u00e9n me alegra que reconozcan una disciplina que no es cl\u00ednica en esencia sino m\u00e1s bien de investigaci\u00f3n como es la epidemiolog\u00eda, \u00e1rea que por lo dem\u00e1s lidero en la Universidad<\/em>\u201d, coment\u00f3 la Dra. Ferreccio.<\/p>\n\n\n\n<p><em>\u201cA lo largo de mi carrera me he dado cuenta de que uno puede influir en las pol\u00edticas p\u00fablicas, uno puede lograr que se tomen decisiones basadas en evidencia. En este sentido, espero que la Academia sea un sitial desde el cual poder traspasar mensajes importantes a los tomadores de decisiones y a la poblaci\u00f3n misma<\/em>\u201d, agreg\u00f3 la especialista UC.<\/p>\n\n\n\n<p>La Academia Chilena de Medicina est\u00e1 integrada por 36 Miembros de N\u00famero (a los que se integr\u00f3 la Dra. Catterina Ferreccio), 22 Miembros Correspondientes, 22 Miembros Honorarios Nacionales, y 35 Miembros Extranjeros.<\/p>\n","protected":false},"excerpt":{"rendered":"<p>Durante abril se realiz\u00f3 la ceremonia de ingreso&nbsp;de la docente del Departamento de Salud P\u00fablica de la&nbsp;&nbsp;Escuela de Medicina UC. La nominaci\u00f3n se realiz\u00f3 en reconocimiento&nbsp;&nbsp;a<span class=\"excerpt-hellip\"> [\u2026]<\/span><\/p>\n","protected":false},"author":1,"featured_media":3685,"comment_status":"open","ping_status":"open","sticky":false,"template":"","format":"standard","meta":{"footnotes":""},"categories":[2,8],"tags":[],"class_list":["post-3684","post","type-post","status-publish","format-standard","has-post-thumbnail","hentry","category-news","category-noticias"],"_links":{"self":[{"href":"https:\/\/mauco.org\/index.php?rest_route=\/wp\/v2\/posts\/3684","targetHints":{"allow":["GET"]}}],"collection":[{"href":"https:\/\/mauco.org\/index.php?rest_route=\/wp\/v2\/posts"}],"about":[{"href":"https:\/\/mauco.org\/index.php?rest_route=\/wp\/v2\/types\/post"}],"author":[{"embeddable":true,"href":"https:\/\/mauco.org\/index.php?rest_route=\/wp\/v2\/users\/1"}],"replies":[{"embeddable":true,"href":"https:\/\/mauco.org\/index.php?rest_route=%2Fwp%2Fv2%2Fcomments&post=3684"}],"version-history":[{"count":2,"href":"https:\/\/mauco.org\/index.php?rest_route=\/wp\/v2\/posts\/3684\/revisions"}],"predecessor-version":[{"id":3696,"href":"https:\/\/mauco.org\/index.php?rest_route=\/wp\/v2\/posts\/3684\/revisions\/3696"}],"wp:featuredmedia":[{"embeddable":true,"href":"https:\/\/mauco.org\/index.php?rest_route=\/wp\/v2\/media\/3685"}],"wp:attachment":[{"href":"https:\/\/mauco.org\/index.php?rest_route=%2Fwp%2Fv2%2Fmedia&parent=3684"}],"wp:term":[{"taxonomy":"category","embeddable":true,"href":"https:\/\/mauco.org\/index.php?rest_route=%2Fwp%2Fv2%2Fcategories&post=3684"},{"taxonomy":"post_tag","embeddable":true,"href":"https:\/\/mauco.org\/index.php?rest_route=%2Fwp%2Fv2%2Ftags&post=3684"}],"curies":[{"name":"wp","href":"https:\/\/api.w.org\/{rel}","templated":true}]}}