{"id":3690,"date":"2022-06-17T23:30:43","date_gmt":"2022-06-17T23:30:43","guid":{"rendered":"https:\/\/mauco.org\/?p=3690"},"modified":"2022-06-17T23:40:36","modified_gmt":"2022-06-17T23:40:36","slug":"entrevista-a-dra-catterina-ferreccio-mi-rol-en-la-academia-va-a-ser-apoyar-la-llegada-de-mujeres","status":"publish","type":"post","link":"https:\/\/mauco.org\/?p=3690","title":{"rendered":"Entrevista a Dra. Catterina Ferreccio: \u201cMi rol En La Academia va a ser apoyar la llegada de mujeres\u201d"},"content":{"rendered":"\n<p>La investigadora, acad\u00e9mica de Medicina UC, directora del Doctorado en Epidemiolog\u00eda, y subdirectora del Centro Avanzado de enfermedades cr\u00f3nicas, ACCDiS, cuenta c\u00f3mo se ha abierto camino en ambientes cient\u00edficos con fuerte presencia masculina. Se declara fan de las cuotas de g\u00e9nero y cree que la inmigraci\u00f3n ha ayudado a los chilenos a entender que existen otros saberes. En esta entrevista habla de sus expectativas en la Academia de Medicina, de su paso por el Consejo Covid-19 y del proyecto que lidera en la Araucan\u00eda.<\/p>\n\n\n\n<p>Con m\u00e1s de 170 publicaciones en revistas cient\u00edficas, la profesora de Medicina y recientemente nombrada miembro de la Academia de Medicina, Dra. Catterina Ferreccio, se ha centrado en una b\u00fasqueda que tiene que ver con salud y prevenci\u00f3n, con poner la mirada en las personas, en la poblaci\u00f3n. (Cr\u00e9dito fotograf\u00eda destacada: Karina Fuenzalida)<\/p>\n\n\n\n<p>A sus 69 a\u00f1os, Catterina Ferreccio dice con cierta tranquilidad que ha vivido todo lo que ten\u00eda que vivir. Y su hoja de vida laboral le da la raz\u00f3n: es profesora titular de Medicina en la UC, subdirectora del Centro Avanzado de Enfermedades Cr\u00f3nicas de esa casa de estudios y de la U. de Chile, y directora de Cohorte MAUCO, un proyecto que realiza en Molina, Regi\u00f3n del Maule.<\/p>\n\n\n\n<p>Con m\u00e1s de 170 publicaciones en revistas cient\u00edficas, su b\u00fasqueda tiene que ver con salud y prevenci\u00f3n, con poner la mirada en las personas, en la poblaci\u00f3n. Temas como la historia natural del c\u00e1ncer de la ves\u00edcula biliar; la prevenci\u00f3n del c\u00e1ncer de est\u00f3mago -la principal causa de muerte en Chile; los efectos a largo plazo de la exposici\u00f3n al ars\u00e9nico en el agua potable; la detecci\u00f3n de c\u00e1ncer de cuello uterino; y el estudio en la poblaci\u00f3n de enfermedades cr\u00f3nicas y el c\u00e1ncer, son parte de sus investigaciones. \u201cEs dif\u00edcil decir a cu\u00e1l de estos proyectos relevantes le tengo m\u00e1s cari\u00f1o. Son como los hijos o los nietos, una los quiere a todos\u201d, cuenta Catterina, sentada en el hall del edificio de Medicina de la UC.<\/p>\n\n\n\n<p>Cada tanto sonr\u00ede y saluda con la mano a los m\u00e9dicos y estudiantes que pasan y la reconocen. Afuera llueve con intensidad y ella luce botines negros con plataforma, un abrigo de cuero largo y un paraguas rojo. Oriunda de Arica, la investigadora confiesa que cuando regresa al norte siempre se emociona al ver el desierto desde el avi\u00f3n. \u201cEs algo s\u00faper raro y especial que me pasa\u201d, dice con su voz suave.<\/p>\n\n\n\n<p>Es integrante del Consejo Asesor Covid-19 desde el comienzo de la pandemia y acaba de ser nombrada como miembro de la Academia Chilena de Medicina, lugar donde la presencia masculina, hist\u00f3ricamente, ha sido m\u00e1s fuerte.<\/p>\n\n\n\n<p>A nivel internacional, sus redes de colaboraci\u00f3n llegan a las universidades de Maryland y de California-Berkeley y el Instituto Nacional del C\u00e1ncer -en Estados Unidos- y de Heidelberg -Alemania-, junto con la International Agency for Research on Cancer (Agencia internacional para la Investigaci\u00f3n en C\u00e1ncer, ubicada en Francia).<\/p>\n\n\n\n<p>-En la ceremonia en la Academia de Medicina se\u00f1al\u00f3 que era una tremenda satisfacci\u00f3n que la hayan nombrado porque es mujer y \u201cla Academia hist\u00f3ricamente ha sido un espacio algo vetado para nosotras\u201d. \u00bfC\u00f3mo explica ese veto?<\/p>\n\n\n\n<p>-Fue una palabra un poco fuerte. Quise decir que no hab\u00edamos podido entrar, simplemente, como en muchos otros lugares, como ser ministra del Interior, por ejemplo. Tampoco es que est\u00e9 expl\u00edcitamente prohibido, pero era un lugar de hombres. En las \u00faltimas d\u00e9cadas llegamos a ser el 10% dentro de la academia y ahora \u00faltimo ha estado subiendo r\u00e1pidamente hasta 17%. Eso tiene que ver con los tiempos, pero tambi\u00e9n con que hay mujeres adentro que empiezan a pedir m\u00e1s paridad (\u2026). El 10 o 20% es muy poco, sobre todo si consideramos que las mujeres que egresan a\u00f1o a a\u00f1o de Medicina, en Chile, son un 50% del total.<\/p>\n\n\n\n<p>\u2013 \u00bfC\u00f3mo se puede entender eso?<\/p>\n\n\n\n<p>\u2013 A las mujeres nos cuesta mucho m\u00e1s ser productivas respecto a la manera cl\u00e1sica de publicar, porque estamos inmersas en un sistema en el que estamos a cargo de los ni\u00f1os y la casa, y de m\u00e1s adultas de los padres o los nietos. Es s\u00faper fregado, yo lo viv\u00ed. Para poder destacarse una tiene que trabajar mucho, el doble, y tambi\u00e9n tener suerte (\u2026). Me toc\u00f3 analizar este tema durante la pandemia -en 2021, en Europa y Estados Unidos-, y es impresionante: los hombres han producido m\u00e1s manuscritos cient\u00edficos de lo que hac\u00edan pre pandemia y han postulado a m\u00e1s proyectos. Pero las mujeres han bajado en ambas, por lo tanto, la brecha se agrand\u00f3. A pesar de todo el discurso de reducir la brecha de g\u00e9nero, eso a\u00fan no se materializa. Es una pena, pero lo \u00fanico que hay que hacer es seguir, mostrarlo y denunciarlo.<\/p>\n\n\n\n<p>\u2013 Tambi\u00e9n se\u00f1al\u00f3 en la ceremonia que \u201cme alegra que reconozcan una disciplina que no es cl\u00ednica en esencia sino m\u00e1s bien de investigaci\u00f3n como es la epidemiolog\u00eda\u201d, \u00e1rea que usted lidera en la universidad.<\/p>\n\n\n\n<p>\u2013 S\u00ed, la medicina no es toda la salud, tiene m\u00e1s que ver con los enfermos. Estoy en el \u00e1rea de la salud que tambi\u00e9n se relaciona con mantenernos sanos, con la prevenci\u00f3n y desarrollar al m\u00e1ximo las potencialidades del ser humano. Esta ha sido un \u00e1rea que, para los m\u00e9dicos cl\u00ednicos que han liderado la Academia de Medicina, ha sido un poco ajena.<\/p>\n\n\n\n<p>\u2013 \u00bfPuede cambiar el foco respecto a reconocer la importancia de la investigaci\u00f3n en \u00e1reas como epidemiolog\u00eda u otras menos cl\u00ednicas?<\/p>\n\n\n\n<p>\u2013 M\u00e1s que cambiar el foco, dir\u00eda ampliar la mirada, que es lo que necesitamos hoy en todos los \u00e1mbitos. La epidemiolog\u00eda que yo practico la pueden ejercer otras disciplinas. Sin embargo, la medicina te da ciertos privilegios y facilidades para entender el cuerpo del individuo y sus enfermedades. Cuando saltas del individuo a la poblaci\u00f3n, teniendo este conocimiento, te permite ser mucho m\u00e1s asertivo. Creo que es s\u00faper importante que haya m\u00e9dicos en epidemiolog\u00eda y que la Academia los acoja.<\/p>\n\n\n\n<p>\u2013 \u00bfEs la Academia un lugar desde el cual se pueden traspasar mensajes importantes a los tomadores de decisiones y a la poblaci\u00f3n misma? \u00bfQu\u00e9 rol espera tener ah\u00ed?<\/p>\n\n\n\n<p>\u2013 Mis expectativas son que la Academia se la juegue por pol\u00edticas p\u00fablicas, que opine y se transforme en un actor. Y que mi voz se pueda amplificar y tener m\u00e1s impacto desde ah\u00ed.<\/p>\n\n\n\n<p>Investigadores frente a la OMS<\/p>\n\n\n\n<p>\u00ab(\u2026) R\u00e1pidamente me di cuenta que la epidemiolog\u00eda era fundamental para lo que hab\u00eda que hacer. Entender, por ejemplo, que pod\u00edamos contener la llegada del virus aislando al primer caso que se registr\u00f3 en el pa\u00eds\u00bb, cuenta Catterina Ferreccio, miembro del Consejo Asesor Covid-19. (Cr\u00e9dito fotograf\u00eda: iStock Photo)<\/p>\n\n\n\n<p>\u2013 Respecto a la incidencia en las pol\u00edticas p\u00fablicas, usted fue y sigue siendo miembro del Consejo Asesor Covid-19. \u00bfQu\u00e9 fue lo m\u00e1s complejo?<\/p>\n\n\n\n<p>\u2013 Lo m\u00e1s raro fue que el ex ministro Ma\u00f1alich me llamara, porque en ese tiempo estaba trabajando en c\u00e1ncer. Pero r\u00e1pidamente me di cuenta que la epidemiolog\u00eda era fundamental para lo que hab\u00eda que hacer. Entender, por ejemplo, que pod\u00edamos contener la llegada del virus aislando al primer caso que se registr\u00f3 en el pa\u00eds. Pero el Ministerio de Salud y el Colegio M\u00e9dico no estuvieron de acuerdo con esa recomendaci\u00f3n. Como grupo nos unimos, porque coincid\u00edamos en lo que hab\u00eda que hacer y nos dimos cuenta de que no iba a ser f\u00e1cil ser escuchados.<\/p>\n\n\n\n<p>\u2013 \u00bfY c\u00f3mo evolucion\u00f3 su rol en el consejo?<\/p>\n\n\n\n<p>\u2013 Sent\u00eda que no me pod\u00eda ir porque hab\u00eda diferentes visiones del problema y creo que fue s\u00faper bueno que me quedara. Los que nos dedicamos a investigar tenemos mucha familiaridad con la evidencia, podemos leerla y entenderla. Por ejemplo, con el tema de las vacunas, era obvio que hab\u00eda que vacunar a los viejos con lo primero que llegara, porque hab\u00eda que bajar la carga hospitalaria; que hab\u00eda que cerrar las fronteras y toda la poblaci\u00f3n deb\u00eda usar mascarilla. En esto \u00faltimo discrepamos con la OMS y afortunadamente el Ministerio de Salud nos escuch\u00f3.<\/p>\n\n\n\n<p>\u2013 \u00bfEsto le demand\u00f3 mucho de su d\u00eda a d\u00eda?<\/p>\n\n\n\n<p>\u2013 Para poder tener esa fuerza hab\u00eda que estar todo el d\u00eda estudiando. Preg\u00fantale a mi marido (risas), dec\u00eda: \u201cla Catterina es Covid, Covid, Covid\u201d, porque \u00e9l le\u00eda otras cosas o ve\u00eda noticias. Si hab\u00eda seminarios con investigadores o m\u00e9dicos de China o Ginebra participaba, para poder preguntar cosas que ellos estaban viviendo en ese momento. Dej\u00e9 mis proyectos bien botados. Cuando cambi\u00f3 el gobierno algunas personas de mi equipo me dijeron: \u201cQu\u00e9 bueno, Catterina, te vamos a tener de vuelta\u201d. Pero sigo ah\u00ed (risas).<\/p>\n\n\n\n<p>\u2013 \u00bfC\u00f3mo eval\u00faa el manejo de la pandemia en Chile?<\/p>\n\n\n\n<p>\u2013 En el primer brote fuimos uno de los pa\u00edses con la mayor mortalidad del mundo, en tasa. Fue tremendo. El ex presidente Pi\u00f1era tom\u00f3 r\u00e1pidamente el tema de la vacuna y un grupo de la UC le dijimos que hab\u00eda que empezar a moverse y ofrecer campo cl\u00ednico en Chile para que vinieran a evaluar la vacuna, a cambio de comprometer millones de dosis. Eso nos salv\u00f3 de seguir siendo el pa\u00eds con la mayor mortalidad. Pero \u00edbamos mal. Lo de no parar el primer brote fue un error de diagn\u00f3stico, se opt\u00f3 por asegurar la atenci\u00f3n de los casos COVID-19 comprando&nbsp; ventiladores y reciclando camas para atender UCI. Durante casi un a\u00f1o la poblaci\u00f3n con otros problemas de salud tuvo gran dificultad para acceder a los hospitales. Qued\u00f3 mucha gente sin atenci\u00f3n y lo vamos a pagar en los pr\u00f3ximos a\u00f1os.<\/p>\n\n\n\n<p>La brecha de g\u00e9nero en la ciencia<\/p>\n\n\n\n<figure class=\"wp-block-image size-large\"><img loading=\"lazy\" decoding=\"async\" width=\"1024\" height=\"777\" src=\"https:\/\/mauco.org\/wp-content\/uploads\/2022\/06\/image-1024x777.jpeg\" alt=\"\" class=\"wp-image-3691\" srcset=\"https:\/\/mauco.org\/wp-content\/uploads\/2022\/06\/image-1024x777.jpeg 1024w, https:\/\/mauco.org\/wp-content\/uploads\/2022\/06\/image-400x304.jpeg 400w, https:\/\/mauco.org\/wp-content\/uploads\/2022\/06\/image-768x583.jpeg 768w, https:\/\/mauco.org\/wp-content\/uploads\/2022\/06\/image-192x146.jpeg 192w, https:\/\/mauco.org\/wp-content\/uploads\/2022\/06\/image-50x38.jpeg 50w, https:\/\/mauco.org\/wp-content\/uploads\/2022\/06\/image-99x75.jpeg 99w, https:\/\/mauco.org\/wp-content\/uploads\/2022\/06\/image.jpeg 1536w\" sizes=\"auto, (max-width: 1024px) 100vw, 1024px\" \/><\/figure>\n\n\n\n<p>\u00abMi rol en la Academia va a ser apoyar la llegada de mujeres. Hay mujeres que son buen\u00edsimas, han trabajado mucho y tienen sensibilidad. Hay que ayudar a que se visibilicen y que vengan esas otras voces\u00bb, dice Catterina Ferreccio convencida. (Cr\u00e9dito fotograf\u00eda: Karina Fuenzalida)<\/p>\n\n\n\n<p>\u00abMi rol en la Academia va a ser apoyar la llegada de mujeres. Hay mujeres que son buen\u00edsimas, han trabajado mucho y tienen sensibilidad. Hay que ayudar a que se visibilicen y que vengan esas otras voces\u00bb, dice Catterina Ferreccio convencida. (Cr\u00e9dito fotograf\u00eda: Karina Fuenzalida)<\/p>\n\n\n\n<p>Catterina recuerda su comienzo en uno de los centros de investigaci\u00f3n m\u00e1s exitosos de Chile, el Centro Avanzado de Enfermedades Cr\u00f3nicas, donde ella es subdirectora. Son seis investigadores principales: una mujer y cinco hombres. Catterina, adem\u00e1s, es la \u00fanica que viene de las \u00e1reas salud p\u00fablica y epidemiolog\u00eda. \u201cFue s\u00faper duro poner sobre la mesa mis temas. Me cost\u00f3 un mont\u00f3n, al punto que uno de ellos me dijo un d\u00eda: \u2018Pero, \u00bft\u00fa qu\u00e9 haces? No haces ciencia\u2019, porque no estoy en el laboratorio. Eso pas\u00f3 hace ocho a\u00f1os, cuando partimos. La semana pasada tuvimos una reuni\u00f3n y pens\u00e9 en c\u00f3mo \u00e9l ha cambiado su comprensi\u00f3n de lo que hago, porque dijo: \u2018Estoy de acuerdo con la Catterina\u2019\u201d.<\/p>\n\n\n\n<p>\u2013 \u00bfQu\u00e9 es lo que m\u00e1s le ha costado?<\/p>\n\n\n\n<p>\u2013 La diferente visi\u00f3n del mundo de nuestras disciplinas. Gente que lleva d\u00e9cadas trabajando en un laboratorio a nivel molecular y no se imagina c\u00f3mo traducir su ciencia para el bienestar de la gente. Nuestro rol es ser el puente, proponer pol\u00edticas e intervenciones derivadas del conocimiento. Pero tambi\u00e9n el g\u00e9nero me cost\u00f3 harto, la forma del trato. Un par de veces tuve que salir de reuniones para recuperar fuerzas. Tienen que ser dos mujeres por lo menos, porque si a una la tratan mal, la otra te defiende mientras t\u00fa te repones.<\/p>\n\n\n\n<p>\u2013 \u00bfCree en las cuotas?<\/p>\n\n\n\n<p>\u2013 S\u00ed, soy una hincha de ellas, hasta que sea necesario. Porque no me vengan con cuentos, no hay manera de que una joven pueda enfrentarse con esto, sola. Mi rol en la Academia va a ser apoyar la llegada de mujeres. Hay mujeres que son buen\u00edsimas, han trabajado mucho y tienen sensibilidad. Hay que ayudar a que se visibilicen y que vengan esas otras voces.<\/p>\n\n\n\n<p>\u2013 M\u00e1s diversidad en general, dice usted.<\/p>\n\n\n\n<p>\u2013 S\u00ed. Pienso en que los inmigrantes han sigo un tremendo aporte a este pa\u00eds. Es casi pol\u00edticamente incorrecto decirlo, pero \u00a1pucha que nos han hecho bien los venezolanos, peruanos, bolivianos y haitianos! Nos han mostrado que hay m\u00e1s gente que los chilenos en el mundo. Que hay m\u00e1s maneras, est\u00e9ticas, comidas y saberes. C\u00f3mo tratan los m\u00e9dicos venezolanos y peruanos a la gente, es muy distinto. Tratan con cari\u00f1o, cuidado, son amables, le ense\u00f1an al paciente. Nosotros somos m\u00e1s autoritarios y distantes.<\/p>\n\n\n\n<p>Lidero proyectos de investigaci\u00f3n en Maule y en la Araucan\u00eda, y se han acercado m\u00e9dicos venezolanos espont\u00e1neamente a preguntar en qu\u00e9 pueden ayudar, porque les gustar\u00eda investigar. Siempre son extranjeros\u2026 es s\u00faper curioso.<\/p>\n\n\n\n<p>\u2013 Sobre su proyecto en La Araucan\u00eda, llamado Cohorte Chile BiLS, llama la atenci\u00f3n que, a pesar de la pandemia y los conflictos en la zona, ning\u00fan d\u00eda han dejado de tomar muestras.<\/p>\n\n\n\n<p>\u2013 S\u00ed, estamos haciendo un seguimiento de un grupo de cerca de 5 mil mujeres en la zona, que presentaron c\u00e1lculos en la ves\u00edcula biliar (\u2026). Nunca hemos tenido problemas en la regi\u00f3n. Las personas conocen al equipo y nos movemos en las ambulancias que tiene los logos de las universidades, la UC y la de La Frontera. Vamos a las casas de ellas en unas cl\u00ednicas m\u00f3viles. Nunca hemos sentido hostilidad ni miedo de ir a alg\u00fan lugar.&nbsp; S\u00f3lo nos ha detenido la lluvia y el barro en las zonas rurales.<\/p>\n\n\n\n<p>El futuro<\/p>\n\n\n\n<p>\u2013 \u00bfC\u00f3mo te ves en 10 a\u00f1os? \u00bfD\u00f3nde te gustar\u00eda estar?<\/p>\n\n\n\n<p>\u2013 Esa es una pregunta dif\u00edcil. Me gustar\u00eda volver a pintar. Pinto en \u00f3leo y acr\u00edlico. Mi marido cada tanto me quiere botar mis atriles chicos y grandes, y yo le digo que no, que voy a volver a pintar (risas).<\/p>\n\n\n\n<p>Entrevista original en&nbsp;<a href=\"https:\/\/www.uc.cl\/noticias\/mi-rol-en-la-academia-va-a-ser-apoyar-la-llegada-de-mujeres\/\" target=\"_blank\" rel=\"noreferrer noopener\">https:\/\/www.uc.cl\/noticias<\/a>&nbsp;por&nbsp;<a href=\"mailto:carla.alonso@uc.cl\">carla.alonso@uc.cl<\/a><\/p>\n","protected":false},"excerpt":{"rendered":"<p>La investigadora, acad\u00e9mica de Medicina UC, directora del Doctorado en Epidemiolog\u00eda, y subdirectora del Centro Avanzado de enfermedades cr\u00f3nicas, ACCDiS, cuenta c\u00f3mo se ha abierto camino<span class=\"excerpt-hellip\"> [\u2026]<\/span><\/p>\n","protected":false},"author":1,"featured_media":3686,"comment_status":"open","ping_status":"open","sticky":false,"template":"","format":"standard","meta":{"footnotes":""},"categories":[2,8],"tags":[],"class_list":["post-3690","post","type-post","status-publish","format-standard","has-post-thumbnail","hentry","category-news","category-noticias"],"_links":{"self":[{"href":"https:\/\/mauco.org\/index.php?rest_route=\/wp\/v2\/posts\/3690","targetHints":{"allow":["GET"]}}],"collection":[{"href":"https:\/\/mauco.org\/index.php?rest_route=\/wp\/v2\/posts"}],"about":[{"href":"https:\/\/mauco.org\/index.php?rest_route=\/wp\/v2\/types\/post"}],"author":[{"embeddable":true,"href":"https:\/\/mauco.org\/index.php?rest_route=\/wp\/v2\/users\/1"}],"replies":[{"embeddable":true,"href":"https:\/\/mauco.org\/index.php?rest_route=%2Fwp%2Fv2%2Fcomments&post=3690"}],"version-history":[{"count":2,"href":"https:\/\/mauco.org\/index.php?rest_route=\/wp\/v2\/posts\/3690\/revisions"}],"predecessor-version":[{"id":3695,"href":"https:\/\/mauco.org\/index.php?rest_route=\/wp\/v2\/posts\/3690\/revisions\/3695"}],"wp:featuredmedia":[{"embeddable":true,"href":"https:\/\/mauco.org\/index.php?rest_route=\/wp\/v2\/media\/3686"}],"wp:attachment":[{"href":"https:\/\/mauco.org\/index.php?rest_route=%2Fwp%2Fv2%2Fmedia&parent=3690"}],"wp:term":[{"taxonomy":"category","embeddable":true,"href":"https:\/\/mauco.org\/index.php?rest_route=%2Fwp%2Fv2%2Fcategories&post=3690"},{"taxonomy":"post_tag","embeddable":true,"href":"https:\/\/mauco.org\/index.php?rest_route=%2Fwp%2Fv2%2Ftags&post=3690"}],"curies":[{"name":"wp","href":"https:\/\/api.w.org\/{rel}","templated":true}]}}