{"id":3703,"date":"2022-07-21T20:50:11","date_gmt":"2022-07-21T20:50:11","guid":{"rendered":"https:\/\/mauco.org\/?p=3703"},"modified":"2022-07-21T21:18:16","modified_gmt":"2022-07-21T21:18:16","slug":"nuestra-investigadora-sandra-cortes-lidera-la-investigacion-que-busca-estudiar-determinantes-sociales-de-la-salud-en-concon-quintero-y-puchuncavi","status":"publish","type":"post","link":"https:\/\/mauco.org\/?p=3703","title":{"rendered":"Nuestra investigadora Sandra Cort\u00e9s lidera la investigaci\u00f3n que busca estudiar determinantes sociales de la salud en Conc\u00f3n, Quintero y Puchuncav\u00ed"},"content":{"rendered":"\n<figure class=\"wp-block-image size-full\"><img loading=\"lazy\" decoding=\"async\" width=\"1024\" height=\"683\" src=\"https:\/\/mauco.org\/wp-content\/uploads\/2022\/07\/SC.jpg\" alt=\"\" class=\"wp-image-3713\" srcset=\"https:\/\/mauco.org\/wp-content\/uploads\/2022\/07\/SC.jpg 1024w, https:\/\/mauco.org\/wp-content\/uploads\/2022\/07\/SC-400x267.jpg 400w, https:\/\/mauco.org\/wp-content\/uploads\/2022\/07\/SC-768x512.jpg 768w, https:\/\/mauco.org\/wp-content\/uploads\/2022\/07\/SC-219x146.jpg 219w, https:\/\/mauco.org\/wp-content\/uploads\/2022\/07\/SC-50x33.jpg 50w, https:\/\/mauco.org\/wp-content\/uploads\/2022\/07\/SC-112x75.jpg 112w\" sizes=\"auto, (max-width: 1024px) 100vw, 1024px\" \/><\/figure>\n\n\n\n<p><strong>El estudio ser\u00e1 desarrollado por el Departamento de Salud P\u00fablica de la PUC y su objetivo es conocer la prevalencia de ciertas enfermedades en la poblaci\u00f3n mayor a un a\u00f1o de edad en el territorio.<\/strong><\/p>\n\n\n\n<p>En el auditorio del Departamento de Administraci\u00f3n de Educaci\u00f3n Municipal, -DAEM-, de la comuna de Quintero y ante las comunidades y autoridades de Conc\u00f3n, Quintero y Puchuncav\u00ed y miembros del CRAS, el subsecretario de Salud P\u00fablica, Crist\u00f3bal Cuadrado, dio el vamos al estudio denominado \u201cSituaci\u00f3n de Salud de los habitantes de las comunas de Quintero-Puchuncav\u00ed-Conc\u00f3n, asociado a determinantes de la salud 2022\u201d.<\/p>\n\n\n\n<p>La iniciativa ser\u00e1 desarrollada por el Departamento de Salud P\u00fablica de la Pontificia Universidad Cat\u00f3lica de Chile con el objetivo de conocer la prevalencia, caracter\u00edsticas y factores de riesgo de enfermedades, en una muestra estad\u00edsticamente representada en la poblaci\u00f3n mayor a un a\u00f1o de edad de dichas comunas, en total 1267 personas, de 221 manzanas. Esto a trav\u00e9s de una encuesta epidemiol\u00f3gica-ambiental; la evaluaci\u00f3n de la funci\u00f3n respiratoria; ex\u00e1menes de laboratorio, entre ellos, perfil hep\u00e1tico, lip\u00eddico, hemograma y glicemia, y el biomonitoreo de metales (plomo en sangre y ars\u00e9nico en orina).<\/p>\n\n\n\n<p>La participaci\u00f3n de las personas seleccionadas es voluntaria y se materializar\u00e1 mediante la firma de un consentimiento informado.<\/p>\n\n\n\n<p>Al respecto, el Subsecretario de Salud P\u00fablica, Crist\u00f3bal Cuadrado se\u00f1al\u00f3 que \u201cha sido un estudio largamente esperado sobre la situaci\u00f3n de salud de las tres comunas de Quintero, Puchuncav\u00ed y Conc\u00f3n, en el cual vamos a estar analizando los distintos efectos sobre la salud que podr\u00eda haber tenido la contaminaci\u00f3n prolongada en la zona. Vamos a estudiar metales pesados como plomo, ars\u00e9nico, pero tambi\u00e9n otras condiciones de salud frecuente, situaciones respiratorias, entre otras. De esta manera, este estudio va a ser muy \u00fatil, se va a desarrollar durante un a\u00f1o y nos va a entregar informaci\u00f3n de alta calidad para poder dimensionar cu\u00e1les son los principales problemas de salud de la comunidad, a partir de esto vamos a poder dise\u00f1ar una respuesta organizada del sistema de salud, identificar qu\u00e9 tipo de inversi\u00f3n tenemos que hacer en la zona para mejorar el acceso a la atenci\u00f3n primaria, a los hospitales de la zona, para responder oportunamente a la necesidades que la exposici\u00f3n de larga data a contaminantes en la zona pueda haber generado\u201d, puntualiz\u00f3.<\/p>\n\n\n\n<p><img loading=\"lazy\" decoding=\"async\" width=\"225\" height=\"150\" src=\"blob:https:\/\/mauco.org\/08fbeb97-3e45-4e67-affc-7941d6957eed\" alt=\"https:\/\/g5noticias.cl\/wp-content\/uploads\/2022\/07\/IMG_1652-300x200.jpg\">La dra. Sandra Cort\u00e9s, profesora del Dpto. de Salud P\u00fablica de la PUC e investigadora responsable del estudio explic\u00f3 que se va a desplegar una campa\u00f1a comunicacional para&nbsp;&nbsp;invitar a la comunidad a participar en una evaluaci\u00f3n completa de su estado de salud que ser\u00e1 realizada por personas muy bien entrenadas de dicha universidad. \u201cEsperamos reclutar personas que hayan vivido al menos 5 a\u00f1os en la comuna y les vamos a tomar una muestra de sangre, una muestra de orina para conocer su estado de salud con par\u00e1metros cl\u00ednicos m\u00e1s referidos a los az\u00facares, grasas; adem\u00e1s de un par de cuestionarios sobre su historia residencial, en el caso de las personas adultas, y su historia laboral. Tambi\u00e9n, vamos a hacer pruebas de la funci\u00f3n respiratoria y con eso vamos a calcular distintos par\u00e1metros que van a tener una representatividad comunal, eso quiere decir que van a dar una imagen de cu\u00e1les son las enfermedades m\u00e1s importantes que ocurren en la poblaci\u00f3n de estas tres comunas y que factores sociales, del entorno, de su historia residencial o laboral tienen que ver con su estado de salud actual\u201d.<\/p>\n\n\n\n<p>Por su parte el Seremi de Salud de la Regi\u00f3n de Valpara\u00edso, Mario Parada Lezcano a\u00f1adi\u00f3 que \u201ceste estudio va a ser complementado por un estudio de car\u00e1cter censal de la poblaci\u00f3n de ni\u00f1os, ni\u00f1as y adolescentes de las tres comunas; y adem\u00e1s va a ser complementado por otro estudio, de car\u00e1cter retrospectivo para buscar espec\u00edficamente eventos relacionados con enfermedades neurol\u00f3gicas, oncol\u00f3gicas y respiratorias. Toda esta bater\u00eda de investigaciones muy rigurosas va a permitir profundizar el diagn\u00f3stico y tener un panorama claro de toda la afectaci\u00f3n de la comunidad para implementar de mejor manera las pol\u00edticas p\u00fablicas que existen e implementar nuevas pol\u00edticas que permitan transformar esta zona en una zona de recuperaci\u00f3n\u201d.<\/p>\n\n\n\n<p>Acerca del estudio que se implementar\u00e1, la directora del Departamento de Salud de la Municipalidad de Quintero, Ania Guajardo sostuvo que, \u201cdesde el punto de vista de la salud es muy importante para poder hacer un perfil epidemiol\u00f3gico de la comuna, con las caracter\u00edsticas propias de nuestra comunidad\u201d.<\/p>\n\n\n\n<p>En tanto el consejero del CRAS y presidente de la Uni\u00f3n Comunal de Juntas de Vecinos Urbanas de Quintero, V\u00edctor Az\u00f3car, si bien valor\u00f3 positivamente la implementaci\u00f3n del estudio dijo que, \u201cnosotros llevamos entre 3 y 4 a\u00f1os peleando por esto, de hecho, hice ver que hace 2 a\u00f1os ya se hab\u00eda ca\u00eddo de la plataforma por falta de dinero\u201d.<\/p>\n\n\n\n<p><strong>OPINION DE LA COMUNIDAD<\/strong><\/p>\n\n\n\n<p>La noticia fue muy bien recibida por diversos integrantes de la comunidad local, tales como Dominique Claise, integrante de la agrupaci\u00f3n MUZOSARE. \u201cEstoy muy feliz porque parece que finalmente va a ser real, siempre hemos esperado. Hubo licitaci\u00f3n antes pero nunca dio fruto, parece que ahora est\u00e1 la voluntad pol\u00edtica. Hay que confiar en todas estas personas super calificadas\u201d, declar\u00f3 la activista.<\/p>\n\n\n\n<p>Por su parte, Ren\u00e9 Cuello, presidente de la JJ. VV. El Mirador y miembro del Consejo para la Recuperaci\u00f3n Ambiental y Social (CRAS) de Conc\u00f3n- Quintero-Puchuncav\u00ed, expres\u00f3 que este estudio \u201clo hemos anhelado hace muchos a\u00f1os, hemos trabajado para ello y nos alegra que el Gobierno y las autoridades nos hayan escuchado y que en este momento se est\u00e9 concretando. Vamos a tratar de ayudarlos y a seguir. Tambi\u00e9n me alegr\u00f3 que el Seremi nos diga que se van a visibilizar a los ni\u00f1os con c\u00e1ncer y enfermedades raras que hay ahora.\u201d<\/p>\n\n\n\n<p>El estudio de prevalencia se realizar\u00e1 por un equipo de 40 personas de la PUC durante un a\u00f1o y espera contar con el apoyo de la comunidad y de las instituciones locales. Para m\u00e1s informaci\u00f3n el mail de contacto es epiambiental@uc.cl.<\/p>\n\n\n\n<p><strong>Leer noticia complete<\/strong>&nbsp;en&nbsp;<a href=\"https:\/\/g5noticias.cl\/2022\/07\/13\/subsecretaria-de-salud-publica-y-seremi-de-salud-valparaiso-dan-inicio-a-estudio-sobre-determinantes-sociales-de-la-salud-en-concon-quintero-y-puchuncavi\/\">https:\/\/g5noticias.cl\/2022\/07\/13\/subsecretaria-de-salud-publica-y-seremi-de-salud-valparaiso-dan-inicio-a-estudio-sobre-determinantes-sociales-de-la-salud-en-concon-quintero-y-puchuncavi\/<\/a><\/p>\n","protected":false},"excerpt":{"rendered":"<p>El estudio ser\u00e1 desarrollado por el Departamento de Salud P\u00fablica de la PUC y su objetivo es conocer la prevalencia de ciertas enfermedades en la poblaci\u00f3n<span class=\"excerpt-hellip\"> [\u2026]<\/span><\/p>\n","protected":false},"author":1,"featured_media":3714,"comment_status":"open","ping_status":"open","sticky":false,"template":"","format":"standard","meta":{"footnotes":""},"categories":[2,8],"tags":[],"class_list":["post-3703","post","type-post","status-publish","format-standard","has-post-thumbnail","hentry","category-news","category-noticias"],"_links":{"self":[{"href":"https:\/\/mauco.org\/index.php?rest_route=\/wp\/v2\/posts\/3703","targetHints":{"allow":["GET"]}}],"collection":[{"href":"https:\/\/mauco.org\/index.php?rest_route=\/wp\/v2\/posts"}],"about":[{"href":"https:\/\/mauco.org\/index.php?rest_route=\/wp\/v2\/types\/post"}],"author":[{"embeddable":true,"href":"https:\/\/mauco.org\/index.php?rest_route=\/wp\/v2\/users\/1"}],"replies":[{"embeddable":true,"href":"https:\/\/mauco.org\/index.php?rest_route=%2Fwp%2Fv2%2Fcomments&post=3703"}],"version-history":[{"count":2,"href":"https:\/\/mauco.org\/index.php?rest_route=\/wp\/v2\/posts\/3703\/revisions"}],"predecessor-version":[{"id":3715,"href":"https:\/\/mauco.org\/index.php?rest_route=\/wp\/v2\/posts\/3703\/revisions\/3715"}],"wp:featuredmedia":[{"embeddable":true,"href":"https:\/\/mauco.org\/index.php?rest_route=\/wp\/v2\/media\/3714"}],"wp:attachment":[{"href":"https:\/\/mauco.org\/index.php?rest_route=%2Fwp%2Fv2%2Fmedia&parent=3703"}],"wp:term":[{"taxonomy":"category","embeddable":true,"href":"https:\/\/mauco.org\/index.php?rest_route=%2Fwp%2Fv2%2Fcategories&post=3703"},{"taxonomy":"post_tag","embeddable":true,"href":"https:\/\/mauco.org\/index.php?rest_route=%2Fwp%2Fv2%2Ftags&post=3703"}],"curies":[{"name":"wp","href":"https:\/\/api.w.org\/{rel}","templated":true}]}}