{"id":3760,"date":"2022-12-09T23:28:35","date_gmt":"2022-12-09T23:28:35","guid":{"rendered":"https:\/\/mauco.org\/?p=3760"},"modified":"2022-12-09T23:29:13","modified_gmt":"2022-12-09T23:29:13","slug":"la-dra-sandra-cortes-forma-parte-de-la-iniciativa-igualmente-sabias","status":"publish","type":"post","link":"https:\/\/mauco.org\/?p=3760","title":{"rendered":"La Dra. Sandra Cort\u00e9s forma parte de la iniciativa \u201cIgualmente Sabias\u201d\u00a0"},"content":{"rendered":"\n<p><em>En su tercera versi\u00f3n, este a\u00f1o la iniciativa\u00a0\u201cIgualmente Sabias: Creadoras de conciencia\u201d destaca el trabajo de doce mujeres que realizan investigaciones, desarrollos tecnol\u00f3gicos, innovaciones o actividades de divulgaci\u00f3n en \u00e1reas vinculadas con el cuidado y protecci\u00f3n del medio ambiental. Desde noviembre del 2022 hasta marzo del 2023, se realizar\u00e1n diversas actividades que buscan inspirar a m\u00e1s ni\u00f1as, j\u00f3venes y mujeres a desarrollarse en diversas \u00e1reas del conocimiento, contribuyendo a derribar los prejuicios y cerrar la brecha de g\u00e9nero en materia de ciencia, tecnolog\u00eda, conocimiento e innovaci\u00f3n (CTCI).<\/em><\/p>\n\n\n\n<p>La exposici\u00f3n\u00a0<strong>\u201cIgualmente Sabias: Creadoras de conciencia\u201d<\/strong>\u00a0forma parte de las actividades que se desarrollar\u00e1n en el marco de la actividad Regional Ciencia P\u00fablica 2022, organizada por el\u00a0Proyecto Explora de La Regi\u00f3n Metropolitana Norte del Ministerio de Ciencia, Tecnolog\u00eda, Conocimiento e Innovaci\u00f3n. \u201cPor tercer a\u00f1o consecutivo nos honra destacar y reconocer el trabajo de\u00a0cient\u00edficas, tecn\u00f3logas, divulgadoras e innovadoras, quienes desde sus diversas \u00e1reas del conocimiento han contribuido con una de\u00a0las mayores preocupaciones globales \u201cla crisis clim\u00e1tica\u201d. Adem\u00e1s de querer contribuir con la difusi\u00f3n de estos importantes avances cient\u00edficos, tambi\u00e9n queremos inspirar a las generaciones m\u00e1s j\u00f3venes, demostrarles que ser cient\u00edfica no es algo lejano y que las ni\u00f1as tienen las mismas capacidades que los ni\u00f1os\u201d, coment\u00f3 M\u00f3nica Villa, Dra. Doctora en Farmacolog\u00eda y coordinadora ejecutiva del proyecto.\u00a0<\/p>\n\n\n\n<figure class=\"wp-block-image size-full\"><img loading=\"lazy\" decoding=\"async\" width=\"482\" height=\"320\" src=\"https:\/\/mauco.org\/wp-content\/uploads\/2022\/12\/image.jpeg\" alt=\"\" class=\"wp-image-3761\" srcset=\"https:\/\/mauco.org\/wp-content\/uploads\/2022\/12\/image.jpeg 482w, https:\/\/mauco.org\/wp-content\/uploads\/2022\/12\/image-400x266.jpeg 400w, https:\/\/mauco.org\/wp-content\/uploads\/2022\/12\/image-220x146.jpeg 220w, https:\/\/mauco.org\/wp-content\/uploads\/2022\/12\/image-50x33.jpeg 50w, https:\/\/mauco.org\/wp-content\/uploads\/2022\/12\/image-113x75.jpeg 113w\" sizes=\"auto, (max-width: 482px) 100vw, 482px\" \/><\/figure>\n\n\n\n<p>Dentro de las cient\u00edficas destacadas, se encuentra\u00a0la Dra. Sandra Cort\u00e9s, epidemi\u00f3loga e investigadora del Centro Avanzado de Enfermedades Cr\u00f3nicas (ACCDIS) y Centro de Desarrollo Urbano Sustentable tambi\u00e9n (CEDEUS), quien es experta en estudios poblacionales de salud y contaminaci\u00f3n, actualmente se\u00a0encuentra estudiando la prevalencia de enfermedades relacionadas al ambiente en la poblaci\u00f3n de Conc\u00f3n, Quintero y Puchuncav\u00ed.\u00a0<\/p>\n\n\n\n<p>\u201cDefinitivamente este tipo de actividades de divulgaci\u00f3n de la ciencia hecha por mujeres deber\u00edan de replicarse masivamente en todas las regiones de Chile y hacia todas las edades. Es inspirador conocer el trabajo que hacen muchas cient\u00edficas j\u00f3venes en nuestro pa\u00eds, la ciencia es una disciplina de co-creaci\u00f3n\u201d resalt\u00f3 la Dra. Sandra quien tambi\u00e9n es&nbsp;profesora de la Facultad de Medicina de la PUC.&nbsp;<\/p>\n\n\n\n<p><strong>Dentro de las actividades que se realizar\u00e1n en \u201cIgualmente Sabias: Creadoras de conciencia\u201d<\/strong>&nbsp;<strong>se encuentran:&nbsp;<\/strong><\/p>\n\n\n\n<ul class=\"wp-block-list\">\n<li>Exposici\u00f3n virtual disponible&nbsp;<a href=\"https:\/\/peopleartfactory.com\/g\/QuadMRxvRa0eU5xZRJOz-copy-e063e510\">aqu\u00ed<\/a><\/li>\n\n\n\n<li>Exposici\u00f3n presencial \u2013entrada gratuita\u2013:&nbsp;<\/li>\n\n\n\n<li>Biblioparque Pablo Neruda de Recoleta: 23 al 6 de diciembre<\/li>\n\n\n\n<li>Centro de Atenci\u00f3n Primaria Ambiental (CAPA) de Pudahuel: 8 diciembre al 3 de enero<\/li>\n\n\n\n<li>Centro Cultura de Til Til: marzo 2023<\/li>\n\n\n\n<li>C\u00e1psulas informativas de las investigadoras&nbsp;<a href=\"https:\/\/www.instagram.com\/explorarmnorte\/reels\/\">aqu\u00ed<\/a><\/li>\n\n\n\n<li>Concurso de dibujo \u201cIgualmente Sabias: Creadoras de Conciencia\u201d. Pronto m\u00e1s informaci\u00f3n&nbsp;<\/li>\n\n\n\n<li>Espacio de encuentro con algunas participantes de la iniciativa. Este espacio ser\u00e1 realizado de manera presencial en un espacio p\u00fablico. Pronto m\u00e1s informaci\u00f3n<\/li>\n<\/ul>\n\n\n\n<p>La actividad cont\u00f3 con la colaboraci\u00f3n del Centro de Investigaci\u00f3n en Recursos Naturales y Sustentabilidad de la Universidad Bernardo O\u2019Higgins; Facultad de Ciencias Qu\u00edmicas y Farmac\u00e9uticas de la Universidad de Chile; Instituto de Investigaciones Agropecuarias- INIA La Platina; Pontificia Universidad Cat\u00f3lica de Chile; Centro de Ecolog\u00eda Aplicada y Sustentabilidad CAPES ; Suncast; Facultad de Ingenier\u00eda y Arquitectura de la Universidad Central de Chile; Instituto de Nutrici\u00f3n y Tecnolog\u00eda de los Alimentos-INTA de la Universidad de Chile; Universidad Santo Tom\u00e1s; Universidad de Santiago de Chile; Universidad Aut\u00f3noma de Chile; Fundaci\u00f3n Mar y Ciencia; Biblioteca P\u00fablica Pedro Lemebel de Recoleta; Biblioparque Pablo Neruda de Recoleta; Centro de Atenci\u00f3n Primaria Ambiental&nbsp;(CAPA) de Pudahuel y el Centro&nbsp;Cultura de Til Til.<\/p>\n","protected":false},"excerpt":{"rendered":"<p>En su tercera versi\u00f3n, este a\u00f1o la iniciativa\u00a0\u201cIgualmente Sabias: Creadoras de conciencia\u201d destaca el trabajo de doce mujeres que realizan investigaciones, desarrollos tecnol\u00f3gicos, innovaciones o actividades<span class=\"excerpt-hellip\"> [\u2026]<\/span><\/p>\n","protected":false},"author":1,"featured_media":3762,"comment_status":"open","ping_status":"open","sticky":false,"template":"","format":"standard","meta":{"footnotes":""},"categories":[2,8],"tags":[],"class_list":["post-3760","post","type-post","status-publish","format-standard","has-post-thumbnail","hentry","category-news","category-noticias"],"_links":{"self":[{"href":"https:\/\/mauco.org\/index.php?rest_route=\/wp\/v2\/posts\/3760","targetHints":{"allow":["GET"]}}],"collection":[{"href":"https:\/\/mauco.org\/index.php?rest_route=\/wp\/v2\/posts"}],"about":[{"href":"https:\/\/mauco.org\/index.php?rest_route=\/wp\/v2\/types\/post"}],"author":[{"embeddable":true,"href":"https:\/\/mauco.org\/index.php?rest_route=\/wp\/v2\/users\/1"}],"replies":[{"embeddable":true,"href":"https:\/\/mauco.org\/index.php?rest_route=%2Fwp%2Fv2%2Fcomments&post=3760"}],"version-history":[{"count":2,"href":"https:\/\/mauco.org\/index.php?rest_route=\/wp\/v2\/posts\/3760\/revisions"}],"predecessor-version":[{"id":3765,"href":"https:\/\/mauco.org\/index.php?rest_route=\/wp\/v2\/posts\/3760\/revisions\/3765"}],"wp:featuredmedia":[{"embeddable":true,"href":"https:\/\/mauco.org\/index.php?rest_route=\/wp\/v2\/media\/3762"}],"wp:attachment":[{"href":"https:\/\/mauco.org\/index.php?rest_route=%2Fwp%2Fv2%2Fmedia&parent=3760"}],"wp:term":[{"taxonomy":"category","embeddable":true,"href":"https:\/\/mauco.org\/index.php?rest_route=%2Fwp%2Fv2%2Fcategories&post=3760"},{"taxonomy":"post_tag","embeddable":true,"href":"https:\/\/mauco.org\/index.php?rest_route=%2Fwp%2Fv2%2Ftags&post=3760"}],"curies":[{"name":"wp","href":"https:\/\/api.w.org\/{rel}","templated":true}]}}