{"id":3815,"date":"2023-04-06T13:02:16","date_gmt":"2023-04-06T13:02:16","guid":{"rendered":"https:\/\/mauco.org\/?p=3815"},"modified":"2023-04-06T13:18:33","modified_gmt":"2023-04-06T13:18:33","slug":"nuestra-investigadora-dra-sandra-cortes-participo-en-el-conversatorio-aprendizajes-para-la-ciudad-con-perspectiva-de-genero","status":"publish","type":"post","link":"https:\/\/mauco.org\/?p=3815","title":{"rendered":"Nuestra investigadora Dra. Sandra Cort\u00e9s particip\u00f3 en el conversatorio \u201cAprendizajes para la ciudad con perspectiva de g\u00e9nero\u201d"},"content":{"rendered":"\n<p>En la antesala al 8M, el pasado martes CEDEUS realiz\u00f3 un di\u00e1logo con investigadores del centro para conmemorar el D\u00eda de la Mujer y analizar c\u00f3mo se enriquece la investigaci\u00f3n al integrar la perspectiva de g\u00e9nero y de qu\u00e9 forma mejora la calidad de vida de las ciudades. \u00bfPor qu\u00e9 es importante? \u00bfQu\u00e9 beneficios se pueden lograr para la ciudadan\u00eda con estas propuestas? Esas fueron algunas de las interrogantes que surgieron durante el conversatorio \u201cAprendizajes para la ciudad con perspectiva de g\u00e9nero\u201d.<\/p>\n\n\n\n<p>El evento, se llev\u00f3 a cabo en la Biblioteca Sergio Larra\u00edn del Campus Lo Contador de la Pontificia Universidad Cat\u00f3lica de Chile y se transmiti\u00f3 por streaming a trav\u00e9s del canal de CEDEUS en Youtube, cont\u00f3 con&nbsp;la moderaci\u00f3n de&nbsp;Alicia Santi, encargada del programa Ciudadan\u00eda Activa de CEDEUS. Adem\u00e1s, el panel estuvo integrado por&nbsp;Sandra Cort\u00e9s, investigadora ACCDIS y CEDEUS, adem\u00e1s profesora asociada del Departamento de Salud P\u00fablica UC;&nbsp;Alejandra Luneke, investigadora CEDEUS e investigadora adjunta COES y Viodemos; y&nbsp;Waldo Bustamante, director de CEDEUS.<\/p>\n\n\n\n<p>El director de CEDEUS, Waldo Bustamante, rememor\u00f3 como \u201cen el mundo, las ciudades son dise\u00f1adas por los hombres, y esto es un tema cultural de siglos, que se ve reflejado en la urbe\u201d. Por eso, reiter\u00f3 la necesidad de que \u201cdesde la investigaci\u00f3n se busquen instrumentos que incorporen la visi\u00f3n de las mujeres. Si no se reconoce, nos estamos restando a la posibilidad de avanzar a una soluci\u00f3n para la ciudad\u201d.<\/p>\n\n\n\n<p>Sobre los temas en los cuales se requiere avanzar vinculados con sus l\u00ednea de investigaci\u00f3n, la acad\u00e9mica&nbsp;Alejandra Luneke&nbsp;precis\u00f3 que \u201chay dos temas que deben tener una mayor perspectiva de g\u00e9nero en la ciudad: la inseguridad y violencia en espacios p\u00fablicos, y en pol\u00edticas de cuidados\u201d. En ese sentido, aclar\u00f3 que \u201csi bien en el segundo hay una agenda feminista, no necesariamente est\u00e1 en el dise\u00f1o de los espacios p\u00fablicos o en la construcci\u00f3n de ciudades seguras para ellas. Todav\u00eda hay una brecha importante en esto, que no es solo considerar a la mujer como v\u00edctima, sino que incorporar su perspectiva en la conformaci\u00f3n de la ciudad\u201d.<\/p>\n\n\n\n<p>Por \u00faltimo, la investigadora Sandra Cort\u00e9s&nbsp;plante\u00f3 que cuando desde la ciencia se ofrecen herramientas para incidir en la pol\u00edtica p\u00fablica \u201cnos volvemos a encontrar con la respuesta masculina, hegem\u00f3nica y vertical en los tomadores de decisiones. Por lo tanto, en mi caso, volvemos a buscar mujeres que suelen ser m\u00e1s emp\u00e1ticas, con pr\u00e1cticas m\u00e1s horizontales en la toma de decisiones\u201d. Y concluye: \u201cCreo que hemos tenido un avance gradual y lento, pero necesitamos que estos espacios vayan teniendo una mirada m\u00e1s femenina\u201d.<\/p>\n\n\n\n<p>Puedes mirar el conversatorio en este&nbsp;<a href=\"https:\/\/www.youtube.com\/watch?v=UHFMCMwxn6Y\" rel=\"noreferrer noopener\" target=\"_blank\">link.<\/a><\/p>\n","protected":false},"excerpt":{"rendered":"<p>En la antesala al 8M, el pasado martes CEDEUS realiz\u00f3 un di\u00e1logo con investigadores del centro para conmemorar el D\u00eda de la Mujer y analizar c\u00f3mo<span class=\"excerpt-hellip\"> [\u2026]<\/span><\/p>\n","protected":false},"author":1,"featured_media":3817,"comment_status":"open","ping_status":"open","sticky":false,"template":"","format":"standard","meta":{"footnotes":""},"categories":[2,8],"tags":[],"class_list":["post-3815","post","type-post","status-publish","format-standard","has-post-thumbnail","hentry","category-news","category-noticias"],"_links":{"self":[{"href":"https:\/\/mauco.org\/index.php?rest_route=\/wp\/v2\/posts\/3815","targetHints":{"allow":["GET"]}}],"collection":[{"href":"https:\/\/mauco.org\/index.php?rest_route=\/wp\/v2\/posts"}],"about":[{"href":"https:\/\/mauco.org\/index.php?rest_route=\/wp\/v2\/types\/post"}],"author":[{"embeddable":true,"href":"https:\/\/mauco.org\/index.php?rest_route=\/wp\/v2\/users\/1"}],"replies":[{"embeddable":true,"href":"https:\/\/mauco.org\/index.php?rest_route=%2Fwp%2Fv2%2Fcomments&post=3815"}],"version-history":[{"count":1,"href":"https:\/\/mauco.org\/index.php?rest_route=\/wp\/v2\/posts\/3815\/revisions"}],"predecessor-version":[{"id":3816,"href":"https:\/\/mauco.org\/index.php?rest_route=\/wp\/v2\/posts\/3815\/revisions\/3816"}],"wp:featuredmedia":[{"embeddable":true,"href":"https:\/\/mauco.org\/index.php?rest_route=\/wp\/v2\/media\/3817"}],"wp:attachment":[{"href":"https:\/\/mauco.org\/index.php?rest_route=%2Fwp%2Fv2%2Fmedia&parent=3815"}],"wp:term":[{"taxonomy":"category","embeddable":true,"href":"https:\/\/mauco.org\/index.php?rest_route=%2Fwp%2Fv2%2Fcategories&post=3815"},{"taxonomy":"post_tag","embeddable":true,"href":"https:\/\/mauco.org\/index.php?rest_route=%2Fwp%2Fv2%2Ftags&post=3815"}],"curies":[{"name":"wp","href":"https:\/\/api.w.org\/{rel}","templated":true}]}}