{"id":3828,"date":"2023-07-03T18:24:26","date_gmt":"2023-07-03T18:24:26","guid":{"rendered":"https:\/\/mauco.org\/?p=3828"},"modified":"2023-07-03T18:33:02","modified_gmt":"2023-07-03T18:33:02","slug":"nuestra-subdirectora-e-investigadora-dra-catterina-ferreccio-fue-reconocida-con-el-premio-abdon-cifuentes","status":"publish","type":"post","link":"https:\/\/mauco.org\/?p=3828","title":{"rendered":"Nuestra Subdirectora e Investigadora Dra. Catterina Ferreccio fue reconocida con El Premio Abd\u00f3n Cifuentes"},"content":{"rendered":"\n<p><em>Hace diez a\u00f1os se entrega el Premio Abd\u00f3n Cifuentes a profesores y profesoras que, en el marco de su trayectoria acad\u00e9mica, han logrado un impacto positivo y directo en la sociedad. Este a\u00f1o, el reconocimiento fue otorgado a Catterina Ferreccio, profesora titular de Medicina UC y directora del Doctorado en Epidemiolog\u00eda.<\/em><\/p>\n\n\n\n<p>Su vocaci\u00f3n de servicio y las innumerables contribuciones que ha realizado a la toma de decisiones en salud p\u00fablica, especialmente en temas de epidemias y c\u00e1ncer, es lo que ha hecho a&nbsp;<a href=\"https:\/\/medicina.uc.cl\/persona\/dra-catterina-ferreccio\/\" target=\"_blank\" rel=\"noreferrer noopener\">Catterina Ferreccio&nbsp;<\/a>-70 a\u00f1os, acad\u00e9mica de la Facultad de Medicina UC y actual presidenta de la Comisi\u00f3n Nacional de Respuesta Pand\u00e9mica del Ministerio de Salud- merecedora del&nbsp;<a href=\"https:\/\/www.uc.cl\/temas\/premio-abdon-cifuentes\/\" target=\"_blank\" rel=\"noreferrer noopener\">Premio Abd\u00f3n Cifuentes 2023<\/a>. En el marco del compromiso p\u00fablico de la Universidad Cat\u00f3lica, este&nbsp;reconocimiento busca homenajear a los docentes que han orientado su carrera hacia el aporte concreto a la sociedad y el bien com\u00fan.<\/p>\n\n\n\n<p>Tercera mujer en recibir este galard\u00f3n, Catterina Ferreccio siempre so\u00f1\u00f3 con ser psiquiatra. Sin embargo, al terminar la carrera de Medicina en la Universidad de Chile opt\u00f3 por especializarse en salud p\u00fablica, espec\u00edficamente en epidemiolog\u00eda. Por esos a\u00f1os, Chile atravesaba dos crisis infecciosas: la de fiebre tifoidea y la de hepatitis. \u201cAunque estaba reci\u00e9n empezando, me toc\u00f3 aparecer mucho en la prensa en ese tiempo, explicando c\u00f3mo ten\u00eda que protegerse la poblaci\u00f3n para no contaminarse con estas infecciones. Hab\u00eda que tener especial cuidado con las verduras y frutas con tierra, porque pod\u00edan tener deposiciones por la manera en c\u00f3mo se cultivaba\u201d.<\/p>\n\n\n\n<figure class=\"wp-block-image\"><img decoding=\"async\" src=\"blob:https:\/\/mauco.org\/4d42a5fd-498b-48b4-8043-9c273d3346a1\" alt=\"https:\/\/www.accdis.cl\/wp-content\/uploads\/2023\/06\/diseno_sin_titulo.png\"\/><\/figure>\n\n\n\n<p>\u00ab(El Premio Abd\u00f3n Cifuentes) es una tremenda alegr\u00eda. Yo estoy siempre atenta a lo que pasa en lo p\u00fablico. De repente me encierro a escribir, pero nunca paso m\u00e1s de un d\u00eda desconectada. Siempre quiero saber que est\u00e1 pasando, en qu\u00e9 puedo ayudar\u00bb, dice la acad\u00e9mica de Medicina. Cr\u00e9ditos: Karina Fuenzalida.<\/p>\n\n\n\n<p>Ese fue el inicio de una larga carrera dedicada a la investigaci\u00f3n de infecciones, trabajo que siempre ha ido de la mano con la incidencia en pol\u00edticas p\u00fablicas.<\/p>\n\n\n\n<p>\u201cDurante todos estos a\u00f1os he estado muy cerca de la toma de decisiones\u201d, dice Catterina. Y recuerda: \u201cCuando ya ten\u00edamos controlada la tifoidea, apareci\u00f3 en Per\u00fa, Argentina y Bolivia un brote de c\u00f3lera tremendo. Nosotros sab\u00edamos que el r\u00edo Mapocho no ten\u00eda tratamiento de aguas servidas, por ende, estaba contaminado y pod\u00eda estallar en cualquier momento una epidemia de c\u00f3lera. Recuerdo haberle dicho al ministro de Salud de esa \u00e9poca: \u2018Hay que parar el riego y el consumo de verduras ahora\u2019. Durante a\u00f1os, en Chile estuvo prohibido vender verduras crudas en los restaurantes. Afortunadamente, el brote no lleg\u00f3, y se acab\u00f3 tambi\u00e9n la tifoidea y la hepatitis\u201d.<\/p>\n\n\n\n<h3 class=\"wp-block-heading\">Ars\u00e9nico en el agua<\/h3>\n\n\n\n<p>En la d\u00e9cada del noventa a Fereccio le toc\u00f3 nuevamente estar al centro de la decisi\u00f3n pol\u00edtica, esta vez, en temas de c\u00e1ncer de pulm\u00f3n, pues hab\u00eda una alta concentraci\u00f3n de esta enfermedad en Antofagasta. \u201cNo era mi \u00e1rea, pero me pareci\u00f3 fascinante y muy importante el debate\u201d, dice. Se cre\u00eda que el c\u00e1ncer era producido por el ars\u00e9nico de Chuquicamata, sin embargo, un equipo de investigaci\u00f3n liderado por Ferreccio, lleg\u00f3 a la conclusi\u00f3n de que el problema no era el aire, sino el agua. El Ministerio de Salud hab\u00eda impulsado una ley para bajar el m\u00e1ximo de ars\u00e9nico en el aire, y ello implicaba cerrar Chuquicamata. \u201cNosotros les dijimos: \u2018esa medida no va a cambiar ning\u00fan c\u00e1ncer de pulm\u00f3n, porque no es por el aire, es por el agua\u2019. Cerrar la fundici\u00f3n hubiese sido un error, Chile se habr\u00eda empobrecido y el c\u00e1ncer habr\u00eda seguido igual\u201d, puntualiza. &nbsp;<\/p>\n\n\n\n<p>Estos estudios de ars\u00e9nico y c\u00e1ncer derribaron paradigmas que exist\u00edan en salud p\u00fablica. \u201cSe pensaba que si t\u00fa fumabas, te daba c\u00e1ncer de pulm\u00f3n, pero si te tomabas el contenido del cigarrillo no te pasaba nada. Nuestra investigaci\u00f3n descubri\u00f3 que los pulmones de las momias que hab\u00edan en el norte de Chile, eran los tejidos que ten\u00edan mayor concentraci\u00f3n de ars\u00e9nico. Y ellos solamente lo tomaban por el agua, porque no fumaban en esa \u00e9poca\u201d.<\/p>\n\n\n\n<h2 class=\"wp-block-heading\">\u00abNuestra investigaci\u00f3n (en los \u201990) descubri\u00f3 que los pulmones de las momias que hab\u00edan en el norte de Chile, eran los tejidos que ten\u00edan mayor concentraci\u00f3n de ars\u00e9nico. Y ellos solamente lo tomaban por el agua, porque no fumaban en esa \u00e9poca\u201d \u2013 Catterina Ferreccio, Premio Abd\u00f3n Cifuentes 2023<\/h2>\n\n\n\n<p>En definitiva, gracias a la evidencia chilena se estableci\u00f3 que el ars\u00e9nico en el agua causa c\u00e1ncer de pulm\u00f3n. Esto llev\u00f3 a bajar la regulaci\u00f3n del m\u00e1ximo permisible de 50 microgramos a 10 microgramos. Luego, la doctora sigui\u00f3 especializ\u00e1ndose en c\u00e1ncer, espec\u00edficamente en el de cuello uterino. Se fue por dos a\u00f1os a trabajar con la Organizaci\u00f3n Panamericana de la Salud en Per\u00fa y El Salvador. \u201cHicimos un estudio grande demostrando que el papanicolau no serv\u00eda, que dejaba la mitad de los c\u00e1nceres sin detectar.&nbsp;Ah\u00ed tuve un rol pol\u00edtico s\u00faper fuerte\u201d.<\/p>\n\n\n\n<h3 class=\"wp-block-heading\">La pandemia<\/h3>\n\n\n\n<figure class=\"wp-block-image\"><img decoding=\"async\" src=\"blob:https:\/\/mauco.org\/adaa0a94-d8db-4f8c-b17f-d461dec819ac\" alt=\"https:\/\/www.accdis.cl\/wp-content\/uploads\/2023\/06\/diseno_sin_titulo_3.png\"\/><\/figure>\n\n\n\n<p>En enero de 2020 se estructur\u00f3 un comit\u00e9 de emergencia desde el Gobierno al que fue convocada Catterina Ferreccio por el ministro de Salud, Jaime Ma\u00f1alich. Cr\u00e9ditos: Minsal.<\/p>\n\n\n\n<p>En enero de 2020 la convocaron a un comit\u00e9 de emergencia por la eventual llegada de Covid-19 a Chile, y en marzo de ese mismo a\u00f1o, cuando el brote ya era inminente, el exministro de Salud, Jaime Ma\u00f1alich, le pidi\u00f3 que se incorporara a un nuevo consejo asesor. \u201cYo era de las pocas personas que ten\u00eda experiencia en vacunaci\u00f3n, hab\u00eda hecho una evaluaci\u00f3n de la vacuna antitifus oral en 400 mil escolares. Me di cuenta que ten\u00eda el&nbsp;<em>know how<\/em>&nbsp;debajo de la piel y que no me pod\u00eda correr. Me gust\u00f3 mucho sentir que pod\u00eda ser un aporte tan claro, tan neto en la discusi\u00f3n.&nbsp;Me dediqu\u00e9 en cuerpo y alma\u201d.<\/p>\n\n\n\n<p>-\u00bfC\u00f3mo ha sido dedicar su vida a la investigaci\u00f3n y a las pol\u00edticas p\u00fablicas?<br>-\u00abMe fascina. Mis compa\u00f1eras de colegio me preguntan \u2018\u00bfpero por qu\u00e9 trabajas tanto, cu\u00e1ndo vas a jubilar?\u2019 Lo que trato de explicarles es que la investigaci\u00f3n, lo que tiene, es que siempre presenta nuevas preguntas y nuevas respuestas, lo que te obliga a estar actualizado. Yo creo que cuando uno est\u00e1 en una tarea m\u00e1s rutinaria, dan ganas de jubilar antes. A m\u00ed la ciencia, la investigaci\u00f3n, me oxigena. Me gusta todo lo que se aprende de las galaxias, de c\u00f3mo funciona el universo, los temas de inteligencia artificial. Pero lo que m\u00e1s me fascina es la humanidad. Nunca termina de impresionarme el d\u00f3nde estamos, para d\u00f3nde vamos. Me fascina lo que el humano va descubriendo y c\u00f3mo vamos complejiz\u00e1ndonos\u00bb.<\/p>\n\n\n\n<h2 class=\"wp-block-heading\">\u00abA m\u00ed la ciencia, la investigaci\u00f3n, me oxigena\u00bb \u2013 Catterina Ferreccio, Premio Abd\u00f3n Cifuentes 2023<\/h2>\n\n\n\n<p>-\u00bfHa sido m\u00e1s dif\u00edcil su carrera por el hecho de ser mujer?<\/p>\n\n\n\n<p>-\u00abS\u00ed, ha sido m\u00e1s duro moverse en el mundo de la ciencia siendo mujer. Hay muchas cuestiones de las que no hab\u00eda tenido conciencia hasta que empez\u00f3 el movimiento feminista. Muchas veces me ha costado entenderme con algunos pares hombres y nos enfrascamos en discusiones, las cuales creo que si yo hubiese sido hombre, habr\u00edan durado mucho menos. Uno tiene que hacer el doble de esfuerzo para abrirse camino en la ciencia como investigador principal, por ejemplo. Es m\u00e1s f\u00e1cil investigar debajo de un hombre\u00bb.<\/p>\n\n\n\n<p>\u00abCreo que las mujeres estamos adquiriendo m\u00e1s espacios, no hay que echarse atr\u00e1s, hay que seguir, hay que alegar, hay que denunciar. Hay que votar por mujeres, yo soy fan\u00e1tica de las cuotas. Y estoy segura de que si hubieran m\u00e1s mujeres en el poder, no habr\u00eda guerra. Creo que la salvaci\u00f3n del planeta es que haya m\u00e1s mujeres en el poder, porque van a proteger el planeta desde donde est\u00e9n, van a proteger a los ni\u00f1os desde donde est\u00e9n\u00bb.<\/p>\n\n\n\n<p>-\u00bfQu\u00e9 significa para usted ganar el Premio Abd\u00f3n Cifuentes?<\/p>\n\n\n\n<p>-\u00abUna tremenda alegr\u00eda. Yo estoy siempre atenta a lo que pasa en lo p\u00fablico. De repente me encierro a escribir, pero nunca paso m\u00e1s de un d\u00eda desconectada. Siempre quiero saber que est\u00e1 pasando, en qu\u00e9 puedo ayudar. Siento un compromiso no solo con el pa\u00eds, sino tambi\u00e9n con el planeta. Hoy me preocupa el tema ambiental, que no podamos hacer acuerdos para consumir menos. Me preocupa a lo que se van a enfrentar las pr\u00f3ximas generaciones\u00bb.<\/p>\n\n\n\n<p><a href=\"https:\/\/www.uc.cl\/noticias\/catterina-ferreccio-ha-sido-mas-duro-moverse-en-el-mundo-de-la-ciencia-siendo-mujer\/\" target=\"_blank\" rel=\"noreferrer noopener\">Leer en aqu\u00ed<\/a><\/p>\n","protected":false},"excerpt":{"rendered":"<p>Hace diez a\u00f1os se entrega el Premio Abd\u00f3n Cifuentes a profesores y profesoras que, en el marco de su trayectoria acad\u00e9mica, han logrado un impacto positivo<span class=\"excerpt-hellip\"> [\u2026]<\/span><\/p>\n","protected":false},"author":1,"featured_media":3830,"comment_status":"open","ping_status":"open","sticky":false,"template":"","format":"standard","meta":{"footnotes":""},"categories":[2,8],"tags":[],"class_list":["post-3828","post","type-post","status-publish","format-standard","has-post-thumbnail","hentry","category-news","category-noticias"],"_links":{"self":[{"href":"https:\/\/mauco.org\/index.php?rest_route=\/wp\/v2\/posts\/3828","targetHints":{"allow":["GET"]}}],"collection":[{"href":"https:\/\/mauco.org\/index.php?rest_route=\/wp\/v2\/posts"}],"about":[{"href":"https:\/\/mauco.org\/index.php?rest_route=\/wp\/v2\/types\/post"}],"author":[{"embeddable":true,"href":"https:\/\/mauco.org\/index.php?rest_route=\/wp\/v2\/users\/1"}],"replies":[{"embeddable":true,"href":"https:\/\/mauco.org\/index.php?rest_route=%2Fwp%2Fv2%2Fcomments&post=3828"}],"version-history":[{"count":2,"href":"https:\/\/mauco.org\/index.php?rest_route=\/wp\/v2\/posts\/3828\/revisions"}],"predecessor-version":[{"id":3836,"href":"https:\/\/mauco.org\/index.php?rest_route=\/wp\/v2\/posts\/3828\/revisions\/3836"}],"wp:featuredmedia":[{"embeddable":true,"href":"https:\/\/mauco.org\/index.php?rest_route=\/wp\/v2\/media\/3830"}],"wp:attachment":[{"href":"https:\/\/mauco.org\/index.php?rest_route=%2Fwp%2Fv2%2Fmedia&parent=3828"}],"wp:term":[{"taxonomy":"category","embeddable":true,"href":"https:\/\/mauco.org\/index.php?rest_route=%2Fwp%2Fv2%2Fcategories&post=3828"},{"taxonomy":"post_tag","embeddable":true,"href":"https:\/\/mauco.org\/index.php?rest_route=%2Fwp%2Fv2%2Ftags&post=3828"}],"curies":[{"name":"wp","href":"https:\/\/api.w.org\/{rel}","templated":true}]}}